{"id":7875,"date":"2022-09-20T07:47:00","date_gmt":"2022-09-20T05:47:00","guid":{"rendered":"https:\/\/www.kirche-langenfeld.de\/ev\/?p=7875"},"modified":"2026-02-09T13:21:51","modified_gmt":"2026-02-09T12:21:51","slug":"jubilaeum-120-jahre-kantorei-der-erloeserkirche","status":"publish","type":"post","link":"https:\/\/www.kirche-langenfeld.de\/ev\/jubilaeum-120-jahre-kantorei-der-erloeserkirche\/","title":{"rendered":"120 Jahre Kantorei"},"content":{"rendered":"\n<h2 class=\"wp-block-heading\">1902 bis 2022: Fest-Wochenende am 24. und 25. September<\/h2>\n\n\n\n<p>Mit einem gro\u00dfen Chor- und Orchesterkonzert feiert der \u00e4lteste evangelische Kirchenchor Langenfelds, die Kantorei der Erl\u00f6serkirche, 120. Geburtstag. <\/p>\n\n\n\n<p>Aus dem gro\u00dfen Repertoire der Kantorei hat Chorleiterin Esther Kim drei markante St\u00fccke ausgew\u00e4hlt. Aus dem Bach-Jahr 2017 die Kantate 140,  Mendelssohn-Bartholdy wird mit dem Psalm 42 zitiert (Erstauff\u00fchrung 2002) und als kr\u00f6nender Abschluss darf das Halleluja von H\u00e4ndel nicht fehlen, eine Auskoppelung aus dem Messias, den die Kantorei unter der Leitung von Esther Kim einmal in deutscher(2008) und einmal in englischer (2015) Urfassung aufgef\u00fchrt hat.<\/p>\n\n\n\n<h2 class=\"wp-block-heading\">Bach, Mendelssohn, H\u00e4ndel <\/h2>\n\n\n\n<p>Ein \u00fcppiges musikalisches Men\u00fc, das von einem Zwischengang in Form eines romantischen Harfenst\u00fcckes abgerundet wird.<\/p>\n\n\n\n<p>Es musizieren das Orchester \u201eRheinKlang\u201c, D\u00fcsseldorf, eine Harfinistin, Solos\u00e4ngerinnen und-S\u00e4nger, Kantorei und junger Kammerchor der Erl\u00f6serkirche, Leitung&nbsp;&nbsp;Kantorin Esther Kim.<\/p>\n\n\n\n<p>Aus diesem besonderen Anlass findet am Sonntag nach der Konzertmatinee ein Chorfest mit Gemeinde statt (ca. 14 Uhr), der Gottesdienst f\u00e4llt an diesem Tag aus. <\/p>\n\n\n\n<p>Es werden noch Helfer und Spenden gesucht (Salate etc\u2026), bitte bei Pfarrer Dominik Pioch melden.<\/p>\n\n\n\n<p><strong>Termine: <\/strong> <strong>Samstag, 24.9, 17.00 Uhr und Sonntag, 25.9., Achtung Matinee: 12 Uhr! <\/strong><\/p>\n\n\n\n<p>Eintritt:&nbsp;&nbsp;18 Euro an der Abendkasse und Vorverkauf bei den Chormitgliedern und Optik Holterbosch Hauptstra\u00dfe 89 und 124.<\/p>\n\n\n\n<h2 class=\"wp-block-heading\">R\u00fcckblick: <\/h2>\n\n\n\n<figure class=\"wp-block-image size-large\"><img loading=\"lazy\" decoding=\"async\" width=\"1024\" height=\"768\" src=\"https:\/\/www.kirche-langenfeld.de\/ev\/wp-content\/uploads\/2022\/07\/Baumpflanzung-Kantorei-der-Erloeserkirche-1024x768.jpg\" alt=\"\" class=\"wp-image-7882\" srcset=\"https:\/\/www.kirche-langenfeld.de\/ev\/wp-content\/uploads\/2022\/07\/Baumpflanzung-Kantorei-der-Erloeserkirche-1024x768.jpg 1024w, https:\/\/www.kirche-langenfeld.de\/ev\/wp-content\/uploads\/2022\/07\/Baumpflanzung-Kantorei-der-Erloeserkirche-300x225.jpg 300w, https:\/\/www.kirche-langenfeld.de\/ev\/wp-content\/uploads\/2022\/07\/Baumpflanzung-Kantorei-der-Erloeserkirche-768x576.jpg 768w, https:\/\/www.kirche-langenfeld.de\/ev\/wp-content\/uploads\/2022\/07\/Baumpflanzung-Kantorei-der-Erloeserkirche-1536x1152.jpg 1536w, https:\/\/www.kirche-langenfeld.de\/ev\/wp-content\/uploads\/2022\/07\/Baumpflanzung-Kantorei-der-Erloeserkirche.jpg 1600w\" sizes=\"auto, (max-width: 1024px) 100vw, 1024px\" \/><\/figure>\n\n\n\n<p> \u201eIm Hofe bei der Kirche, da stehn zwei Lindenb\u00e4um, wir tr\u00e4umen von viel Schatten und einem B\u00e4nkelein\u201c, so sang die Kantorei der Erl\u00f6serkirche in Immigrath bei der Baumpflanzung anl\u00e4sslich des 100. Bestehens am 10. M\u00e4rz 2002 nach einem beeindruckenden Festgottesdienst.<\/p>\n\n\n\n<p>An der Stelle, wo jetzt die Lindenb\u00e4ume eine stattliche Gr\u00f6\u00dfe erreicht haben, im neugestalteten Pfarrhof vor dem Gemeindehaus, stand vor 120 Jahren ein Bethaus. Nebenan gab es noch keine Kirche, nur eine Wiese. Rundherum aber wurde gebaut und gelebt, die Gemeinde Immigrath wuchs heran. Der dort ans\u00e4ssige sehr rege J\u00fcnglingsverein trat an Pfarrer Buse heran, man w\u00fcnschte sich einen kirchlichen Gesangsverein. Der Pfarrer war Reusrather und pendelte zu Fu\u00df oder zu Pferde ins nahe Immigrath, um im dortigen Bethaus Gottesdienste zu halten.<\/p>\n\n\n\n<p>Also ergriff Pfarrer Buse die Initiative und man traf sich am 9. M\u00e4rz 1902 zur ersten \u00dcbung und weil es so nahe lag, \u00fcbernahm der r\u00fchrige Pfarrer auch noch die Chorleitung. Er sollte einige Jahre sp\u00e4ter auch noch als Bauherr der Erl\u00f6serkirche in die Geschichte eingehen. Wegen der fehlenden Kirche sang man mal in Reusrath, mal im Bethaus, man sang bei hohen kirchlichen Feiertagen und zu Kaisers Geburtstag und auf Gemeindefesten, die es bereits in Immigrath gab.<\/p>\n\n\n\n<h2 class=\"wp-block-heading\">Neuanfang nach dem 2. Weltkrieg<\/h2>\n\n\n\n<p>Nach dem 2. Weltkrieg ver\u00e4nderte sich der Chor, musste sich neu finden. 1956 \u00fcbernahm<br>G\u00fcnther Schwebke den Chor. Damit begann eine Zeit hoher Kontinuit\u00e4t bei den Chorleitern. 1973 \u00fcbernahm Kantorin Waltraud Berger die Leitung, sie f\u00fchrte den Titel Kantorei ein. Esther Kim \u00fcbernahm 1999 die Nachfolge und hat mit gro\u00dfem Geschick und K\u00f6nnen die Chorstruktur modernisiert und zahlreiche neue S\u00e4ngerinnen und S\u00e4nger dazugewonnen.<\/p>\n\n\n\n<p>Somit ist die Kantorei die \u00e4lteste aktive Gruppe in der Evangelischen Kirchengemeinde Langen-felds, die bis heute mit wechselnden Gesichtern und Chorleitern eine Idee verfolgt: als soziale Gruppe qualit\u00e4tsvoll die evangelische Kirchenmusik in der Gemeinde und in der Stadt Langenfeld zu pflegen und Gottesdienste und Konzerte zu gestalten.<\/p>\n\n\n\n<h2 class=\"wp-block-heading\">Freundeskreis zur Unterst\u00fctzung der Kirchenmusik <\/h2>\n\n\n\n<p>In Zeiten knapper Kassen, auch in der Kirche, ist die Kirchenmusik mehr denn je auf Spenden angewiesen, um weiterhin ihr hohes Niveau halten zu k\u00f6nnen. So wurde der Verein zur Unterst\u00fctzung der Kirchenmusik an der evangelischen Erl\u00f6serkirche 2004 gegr\u00fcndet. Ziel des Vereins ist es, durch Mitgliedsbeitr\u00e4ge und Spenden die Chorarbeit zu unterst\u00fctzen und herausragende Musikprojekte zu realisieren. <\/p>\n\n\n\n<p>Mit gro\u00dfer Freude wird Chorliteratur von Bach bis hin zu moderner Jazzmusik gesungen, auch der Nachwuchs w\u00e4chst mit und verj\u00fcngt die Kantorei. 120 Jahre sind eine lange Zeit, aber der Chor bleibt jung, wagt sich immer wieder an neue Literatur und hat Freude am Singen. Wer Lust hat mitzusingen, ist herzlich willkommen: mittwochs 19.30 Uhr in der Erl\u00f6serkirche, Kontakt \u00fcber Esther Kim. <br><\/p>\n","protected":false},"excerpt":{"rendered":"<p>Konzerte am 24. und 25. September<\/p>\n","protected":false},"author":9,"featured_media":8096,"comment_status":"closed","ping_status":"closed","sticky":false,"template":"","format":"standard","meta":{"_uag_custom_page_level_css":"","pgc_sgb_lightbox_settings":"","ocean_post_layout":"","ocean_both_sidebars_style":"","ocean_both_sidebars_content_width":0,"ocean_both_sidebars_sidebars_width":0,"ocean_sidebar":"0","ocean_second_sidebar":"0","ocean_disable_margins":"enable","ocean_add_body_class":"","ocean_shortcode_before_top_bar":"","ocean_shortcode_after_top_bar":"","ocean_shortcode_before_header":"","ocean_shortcode_after_header":"","ocean_has_shortcode":"","ocean_shortcode_after_title":"","ocean_shortcode_before_footer_widgets":"","ocean_shortcode_after_footer_widgets":"","ocean_shortcode_before_footer_bottom":"","ocean_shortcode_after_footer_bottom":"","ocean_display_top_bar":"default","ocean_display_header":"default","ocean_header_style":"","ocean_center_header_left_menu":"0","ocean_custom_header_template":"0","ocean_custom_logo":0,"ocean_custom_retina_logo":0,"ocean_custom_logo_max_width":0,"ocean_custom_logo_tablet_max_width":0,"ocean_custom_logo_mobile_max_width":0,"ocean_custom_logo_max_height":0,"ocean_custom_logo_tablet_max_height":0,"ocean_custom_logo_mobile_max_height":0,"ocean_header_custom_menu":"0","ocean_menu_typo_font_family":"0","ocean_menu_typo_font_subset":"","ocean_menu_typo_font_size":0,"ocean_menu_typo_font_size_tablet":0,"ocean_menu_typo_font_size_mobile":0,"ocean_menu_typo_font_size_unit":"px","ocean_menu_typo_font_weight":"","ocean_menu_typo_font_weight_tablet":"","ocean_menu_typo_font_weight_mobile":"","ocean_menu_typo_transform":"","ocean_menu_typo_transform_tablet":"","ocean_menu_typo_transform_mobile":"","ocean_menu_typo_line_height":0,"ocean_menu_typo_line_height_tablet":0,"ocean_menu_typo_line_height_mobile":0,"ocean_menu_typo_line_height_unit":"","ocean_menu_typo_spacing":0,"ocean_menu_typo_spacing_tablet":0,"ocean_menu_typo_spacing_mobile":0,"ocean_menu_typo_spacing_unit":"","ocean_menu_link_color":"","ocean_menu_link_color_hover":"","ocean_menu_link_color_active":"","ocean_menu_link_background":"","ocean_menu_link_hover_background":"","ocean_menu_link_active_background":"","ocean_menu_social_links_bg":"","ocean_menu_social_hover_links_bg":"","ocean_menu_social_links_color":"","ocean_menu_social_hover_links_color":"","ocean_disable_title":"default","ocean_disable_heading":"default","ocean_post_title":"","ocean_post_subheading":"","ocean_post_title_style":"","ocean_post_title_background_color":"","ocean_post_title_background":0,"ocean_post_title_bg_image_position":"","ocean_post_title_bg_image_attachment":"","ocean_post_title_bg_image_repeat":"","ocean_post_title_bg_image_size":"","ocean_post_title_height":0,"ocean_post_title_bg_overlay":0.5,"ocean_post_title_bg_overlay_color":"","ocean_disable_breadcrumbs":"default","ocean_breadcrumbs_color":"","ocean_breadcrumbs_separator_color":"","ocean_breadcrumbs_links_color":"","ocean_breadcrumbs_links_hover_color":"","ocean_display_footer_widgets":"default","ocean_display_footer_bottom":"default","ocean_custom_footer_template":"0","ocean_post_oembed":"","ocean_post_self_hosted_media":"","ocean_post_video_embed":"","ocean_link_format":"","ocean_link_format_target":"self","ocean_quote_format":"","ocean_quote_format_link":"post","ocean_gallery_link_images":"off","ocean_gallery_id":[],"footnotes":""},"categories":[6],"tags":[97,109],"class_list":["post-7875","post","type-post","status-publish","format-standard","has-post-thumbnail","hentry","category-musik","tag-chormusik","tag-erloeserkirche","entry","has-media"],"featured_image_src":"https:\/\/www.kirche-langenfeld.de\/ev\/wp-content\/uploads\/2022\/08\/Kantorei-der-Erloeserkirche-scaled.jpg","author_info":{"display_name":"Ulrike Sch\u00f6n","author_link":"https:\/\/www.kirche-langenfeld.de\/ev\/author\/ulrike-schoen\/"},"yoast_head":"<!-- This site is optimized with the Yoast SEO plugin v27.0 - https:\/\/yoast.com\/product\/yoast-seo-wordpress\/ -->\n<title>120 Jahre Kantorei - Evangelische Kirchengemeinde Langenfeld<\/title>\n<meta name=\"robots\" content=\"index, follow, max-snippet:-1, max-image-preview:large, max-video-preview:-1\" \/>\n<link rel=\"canonical\" href=\"https:\/\/www.kirche-langenfeld.de\/ev\/jubilaeum-120-jahre-kantorei-der-erloeserkirche\/\" \/>\n<meta property=\"og:locale\" content=\"de_DE\" \/>\n<meta property=\"og:type\" content=\"article\" \/>\n<meta property=\"og:title\" content=\"120 Jahre Kantorei - Evangelische Kirchengemeinde Langenfeld\" \/>\n<meta property=\"og:description\" content=\"Konzerte am 24. und 25. September\" \/>\n<meta property=\"og:url\" content=\"https:\/\/www.kirche-langenfeld.de\/ev\/jubilaeum-120-jahre-kantorei-der-erloeserkirche\/\" \/>\n<meta property=\"og:site_name\" content=\"Evangelische Kirchengemeinde Langenfeld\" \/>\n<meta property=\"article:published_time\" content=\"2022-09-20T05:47:00+00:00\" \/>\n<meta property=\"article:modified_time\" content=\"2026-02-09T12:21:51+00:00\" \/>\n<meta property=\"og:image\" content=\"https:\/\/www.kirche-langenfeld.de\/ev\/wp-content\/uploads\/2022\/08\/Kantorei-der-Erloeserkirche-scaled.jpg\" \/>\n\t<meta property=\"og:image:width\" content=\"2560\" \/>\n\t<meta property=\"og:image:height\" content=\"1920\" \/>\n\t<meta property=\"og:image:type\" content=\"image\/jpeg\" \/>\n<meta name=\"author\" content=\"Ulrike Sch\u00f6n\" \/>\n<meta name=\"twitter:card\" content=\"summary_large_image\" \/>\n<meta name=\"twitter:label1\" content=\"Verfasst von\" \/>\n\t<meta name=\"twitter:data1\" content=\"Ulrike Sch\u00f6n\" \/>\n\t<meta name=\"twitter:label2\" content=\"Gesch\u00e4tzte Lesezeit\" \/>\n\t<meta name=\"twitter:data2\" content=\"4\u00a0Minuten\" \/>\n<script type=\"application\/ld+json\" class=\"yoast-schema-graph\">{\"@context\":\"https:\/\/schema.org\",\"@graph\":[{\"@type\":\"Article\",\"@id\":\"https:\/\/www.kirche-langenfeld.de\/ev\/jubilaeum-120-jahre-kantorei-der-erloeserkirche\/#article\",\"isPartOf\":{\"@id\":\"https:\/\/www.kirche-langenfeld.de\/ev\/jubilaeum-120-jahre-kantorei-der-erloeserkirche\/\"},\"author\":{\"name\":\"Ulrike Sch\u00f6n\",\"@id\":\"https:\/\/www.kirche-langenfeld.de\/ev\/#\/schema\/person\/47ee4a1cc08eed94e5e1ec70370dd65b\"},\"headline\":\"120 Jahre Kantorei\",\"datePublished\":\"2022-09-20T05:47:00+00:00\",\"dateModified\":\"2026-02-09T12:21:51+00:00\",\"mainEntityOfPage\":{\"@id\":\"https:\/\/www.kirche-langenfeld.de\/ev\/jubilaeum-120-jahre-kantorei-der-erloeserkirche\/\"},\"wordCount\":666,\"publisher\":{\"@id\":\"https:\/\/www.kirche-langenfeld.de\/ev\/#organization\"},\"image\":{\"@id\":\"https:\/\/www.kirche-langenfeld.de\/ev\/jubilaeum-120-jahre-kantorei-der-erloeserkirche\/#primaryimage\"},\"thumbnailUrl\":\"https:\/\/www.kirche-langenfeld.de\/ev\/wp-content\/uploads\/2022\/08\/Kantorei-der-Erloeserkirche-scaled.jpg\",\"keywords\":[\"Chormusik\",\"Erl\u00f6serkirche\"],\"articleSection\":[\"Musik\"],\"inLanguage\":\"de\"},{\"@type\":\"WebPage\",\"@id\":\"https:\/\/www.kirche-langenfeld.de\/ev\/jubilaeum-120-jahre-kantorei-der-erloeserkirche\/\",\"url\":\"https:\/\/www.kirche-langenfeld.de\/ev\/jubilaeum-120-jahre-kantorei-der-erloeserkirche\/\",\"name\":\"120 Jahre Kantorei - Evangelische Kirchengemeinde Langenfeld\",\"isPartOf\":{\"@id\":\"https:\/\/www.kirche-langenfeld.de\/ev\/#website\"},\"primaryImageOfPage\":{\"@id\":\"https:\/\/www.kirche-langenfeld.de\/ev\/jubilaeum-120-jahre-kantorei-der-erloeserkirche\/#primaryimage\"},\"image\":{\"@id\":\"https:\/\/www.kirche-langenfeld.de\/ev\/jubilaeum-120-jahre-kantorei-der-erloeserkirche\/#primaryimage\"},\"thumbnailUrl\":\"https:\/\/www.kirche-langenfeld.de\/ev\/wp-content\/uploads\/2022\/08\/Kantorei-der-Erloeserkirche-scaled.jpg\",\"datePublished\":\"2022-09-20T05:47:00+00:00\",\"dateModified\":\"2026-02-09T12:21:51+00:00\",\"breadcrumb\":{\"@id\":\"https:\/\/www.kirche-langenfeld.de\/ev\/jubilaeum-120-jahre-kantorei-der-erloeserkirche\/#breadcrumb\"},\"inLanguage\":\"de\",\"potentialAction\":[{\"@type\":\"ReadAction\",\"target\":[\"https:\/\/www.kirche-langenfeld.de\/ev\/jubilaeum-120-jahre-kantorei-der-erloeserkirche\/\"]}]},{\"@type\":\"ImageObject\",\"inLanguage\":\"de\",\"@id\":\"https:\/\/www.kirche-langenfeld.de\/ev\/jubilaeum-120-jahre-kantorei-der-erloeserkirche\/#primaryimage\",\"url\":\"https:\/\/www.kirche-langenfeld.de\/ev\/wp-content\/uploads\/2022\/08\/Kantorei-der-Erloeserkirche-scaled.jpg\",\"contentUrl\":\"https:\/\/www.kirche-langenfeld.de\/ev\/wp-content\/uploads\/2022\/08\/Kantorei-der-Erloeserkirche-scaled.jpg\",\"width\":2560,\"height\":1920},{\"@type\":\"BreadcrumbList\",\"@id\":\"https:\/\/www.kirche-langenfeld.de\/ev\/jubilaeum-120-jahre-kantorei-der-erloeserkirche\/#breadcrumb\",\"itemListElement\":[{\"@type\":\"ListItem\",\"position\":1,\"name\":\"Startseite\",\"item\":\"https:\/\/www.kirche-langenfeld.de\/ev\/\"},{\"@type\":\"ListItem\",\"position\":2,\"name\":\"120 Jahre Kantorei\"}]},{\"@type\":\"WebSite\",\"@id\":\"https:\/\/www.kirche-langenfeld.de\/ev\/#website\",\"url\":\"https:\/\/www.kirche-langenfeld.de\/ev\/\",\"name\":\"Evangelische Kirchengemeinde Langenfeld\",\"description\":\"Informationen rund um unsere Gemeinde\",\"publisher\":{\"@id\":\"https:\/\/www.kirche-langenfeld.de\/ev\/#organization\"},\"potentialAction\":[{\"@type\":\"SearchAction\",\"target\":{\"@type\":\"EntryPoint\",\"urlTemplate\":\"https:\/\/www.kirche-langenfeld.de\/ev\/?s={search_term_string}\"},\"query-input\":{\"@type\":\"PropertyValueSpecification\",\"valueRequired\":true,\"valueName\":\"search_term_string\"}}],\"inLanguage\":\"de\"},{\"@type\":\"Organization\",\"@id\":\"https:\/\/www.kirche-langenfeld.de\/ev\/#organization\",\"name\":\"Evangelische Kirchengemeinde Langenfeld\",\"url\":\"https:\/\/www.kirche-langenfeld.de\/ev\/\",\"logo\":{\"@type\":\"ImageObject\",\"inLanguage\":\"de\",\"@id\":\"https:\/\/www.kirche-langenfeld.de\/ev\/#\/schema\/logo\/image\/\",\"url\":\"https:\/\/www.kirche-langenfeld.de\/ev\/wp-content\/uploads\/2020\/09\/logo-ev-2020.png\",\"contentUrl\":\"https:\/\/www.kirche-langenfeld.de\/ev\/wp-content\/uploads\/2020\/09\/logo-ev-2020.png\",\"width\":276,\"height\":200,\"caption\":\"Evangelische Kirchengemeinde Langenfeld\"},\"image\":{\"@id\":\"https:\/\/www.kirche-langenfeld.de\/ev\/#\/schema\/logo\/image\/\"}},{\"@type\":\"Person\",\"@id\":\"https:\/\/www.kirche-langenfeld.de\/ev\/#\/schema\/person\/47ee4a1cc08eed94e5e1ec70370dd65b\",\"name\":\"Ulrike Sch\u00f6n\",\"url\":\"https:\/\/www.kirche-langenfeld.de\/ev\/author\/ulrike-schoen\/\"}]}<\/script>\n<!-- \/ Yoast SEO plugin. -->","yoast_head_json":{"title":"120 Jahre Kantorei - Evangelische Kirchengemeinde Langenfeld","robots":{"index":"index","follow":"follow","max-snippet":"max-snippet:-1","max-image-preview":"max-image-preview:large","max-video-preview":"max-video-preview:-1"},"canonical":"https:\/\/www.kirche-langenfeld.de\/ev\/jubilaeum-120-jahre-kantorei-der-erloeserkirche\/","og_locale":"de_DE","og_type":"article","og_title":"120 Jahre Kantorei - Evangelische Kirchengemeinde Langenfeld","og_description":"Konzerte am 24. und 25. September","og_url":"https:\/\/www.kirche-langenfeld.de\/ev\/jubilaeum-120-jahre-kantorei-der-erloeserkirche\/","og_site_name":"Evangelische Kirchengemeinde Langenfeld","article_published_time":"2022-09-20T05:47:00+00:00","article_modified_time":"2026-02-09T12:21:51+00:00","og_image":[{"width":2560,"height":1920,"url":"https:\/\/www.kirche-langenfeld.de\/ev\/wp-content\/uploads\/2022\/08\/Kantorei-der-Erloeserkirche-scaled.jpg","type":"image\/jpeg"}],"author":"Ulrike Sch\u00f6n","twitter_card":"summary_large_image","twitter_misc":{"Verfasst von":"Ulrike Sch\u00f6n","Gesch\u00e4tzte Lesezeit":"4\u00a0Minuten"},"schema":{"@context":"https:\/\/schema.org","@graph":[{"@type":"Article","@id":"https:\/\/www.kirche-langenfeld.de\/ev\/jubilaeum-120-jahre-kantorei-der-erloeserkirche\/#article","isPartOf":{"@id":"https:\/\/www.kirche-langenfeld.de\/ev\/jubilaeum-120-jahre-kantorei-der-erloeserkirche\/"},"author":{"name":"Ulrike Sch\u00f6n","@id":"https:\/\/www.kirche-langenfeld.de\/ev\/#\/schema\/person\/47ee4a1cc08eed94e5e1ec70370dd65b"},"headline":"120 Jahre Kantorei","datePublished":"2022-09-20T05:47:00+00:00","dateModified":"2026-02-09T12:21:51+00:00","mainEntityOfPage":{"@id":"https:\/\/www.kirche-langenfeld.de\/ev\/jubilaeum-120-jahre-kantorei-der-erloeserkirche\/"},"wordCount":666,"publisher":{"@id":"https:\/\/www.kirche-langenfeld.de\/ev\/#organization"},"image":{"@id":"https:\/\/www.kirche-langenfeld.de\/ev\/jubilaeum-120-jahre-kantorei-der-erloeserkirche\/#primaryimage"},"thumbnailUrl":"https:\/\/www.kirche-langenfeld.de\/ev\/wp-content\/uploads\/2022\/08\/Kantorei-der-Erloeserkirche-scaled.jpg","keywords":["Chormusik","Erl\u00f6serkirche"],"articleSection":["Musik"],"inLanguage":"de"},{"@type":"WebPage","@id":"https:\/\/www.kirche-langenfeld.de\/ev\/jubilaeum-120-jahre-kantorei-der-erloeserkirche\/","url":"https:\/\/www.kirche-langenfeld.de\/ev\/jubilaeum-120-jahre-kantorei-der-erloeserkirche\/","name":"120 Jahre Kantorei - Evangelische Kirchengemeinde Langenfeld","isPartOf":{"@id":"https:\/\/www.kirche-langenfeld.de\/ev\/#website"},"primaryImageOfPage":{"@id":"https:\/\/www.kirche-langenfeld.de\/ev\/jubilaeum-120-jahre-kantorei-der-erloeserkirche\/#primaryimage"},"image":{"@id":"https:\/\/www.kirche-langenfeld.de\/ev\/jubilaeum-120-jahre-kantorei-der-erloeserkirche\/#primaryimage"},"thumbnailUrl":"https:\/\/www.kirche-langenfeld.de\/ev\/wp-content\/uploads\/2022\/08\/Kantorei-der-Erloeserkirche-scaled.jpg","datePublished":"2022-09-20T05:47:00+00:00","dateModified":"2026-02-09T12:21:51+00:00","breadcrumb":{"@id":"https:\/\/www.kirche-langenfeld.de\/ev\/jubilaeum-120-jahre-kantorei-der-erloeserkirche\/#breadcrumb"},"inLanguage":"de","potentialAction":[{"@type":"ReadAction","target":["https:\/\/www.kirche-langenfeld.de\/ev\/jubilaeum-120-jahre-kantorei-der-erloeserkirche\/"]}]},{"@type":"ImageObject","inLanguage":"de","@id":"https:\/\/www.kirche-langenfeld.de\/ev\/jubilaeum-120-jahre-kantorei-der-erloeserkirche\/#primaryimage","url":"https:\/\/www.kirche-langenfeld.de\/ev\/wp-content\/uploads\/2022\/08\/Kantorei-der-Erloeserkirche-scaled.jpg","contentUrl":"https:\/\/www.kirche-langenfeld.de\/ev\/wp-content\/uploads\/2022\/08\/Kantorei-der-Erloeserkirche-scaled.jpg","width":2560,"height":1920},{"@type":"BreadcrumbList","@id":"https:\/\/www.kirche-langenfeld.de\/ev\/jubilaeum-120-jahre-kantorei-der-erloeserkirche\/#breadcrumb","itemListElement":[{"@type":"ListItem","position":1,"name":"Startseite","item":"https:\/\/www.kirche-langenfeld.de\/ev\/"},{"@type":"ListItem","position":2,"name":"120 Jahre Kantorei"}]},{"@type":"WebSite","@id":"https:\/\/www.kirche-langenfeld.de\/ev\/#website","url":"https:\/\/www.kirche-langenfeld.de\/ev\/","name":"Evangelische Kirchengemeinde Langenfeld","description":"Informationen rund um unsere Gemeinde","publisher":{"@id":"https:\/\/www.kirche-langenfeld.de\/ev\/#organization"},"potentialAction":[{"@type":"SearchAction","target":{"@type":"EntryPoint","urlTemplate":"https:\/\/www.kirche-langenfeld.de\/ev\/?s={search_term_string}"},"query-input":{"@type":"PropertyValueSpecification","valueRequired":true,"valueName":"search_term_string"}}],"inLanguage":"de"},{"@type":"Organization","@id":"https:\/\/www.kirche-langenfeld.de\/ev\/#organization","name":"Evangelische Kirchengemeinde Langenfeld","url":"https:\/\/www.kirche-langenfeld.de\/ev\/","logo":{"@type":"ImageObject","inLanguage":"de","@id":"https:\/\/www.kirche-langenfeld.de\/ev\/#\/schema\/logo\/image\/","url":"https:\/\/www.kirche-langenfeld.de\/ev\/wp-content\/uploads\/2020\/09\/logo-ev-2020.png","contentUrl":"https:\/\/www.kirche-langenfeld.de\/ev\/wp-content\/uploads\/2020\/09\/logo-ev-2020.png","width":276,"height":200,"caption":"Evangelische Kirchengemeinde Langenfeld"},"image":{"@id":"https:\/\/www.kirche-langenfeld.de\/ev\/#\/schema\/logo\/image\/"}},{"@type":"Person","@id":"https:\/\/www.kirche-langenfeld.de\/ev\/#\/schema\/person\/47ee4a1cc08eed94e5e1ec70370dd65b","name":"Ulrike Sch\u00f6n","url":"https:\/\/www.kirche-langenfeld.de\/ev\/author\/ulrike-schoen\/"}]}},"uagb_featured_image_src":{"full":["https:\/\/www.kirche-langenfeld.de\/ev\/wp-content\/uploads\/2022\/08\/Kantorei-der-Erloeserkirche-scaled.jpg",2560,1920,false],"thumbnail":["https:\/\/www.kirche-langenfeld.de\/ev\/wp-content\/uploads\/2022\/08\/Kantorei-der-Erloeserkirche-150x150.jpg",150,150,true],"medium":["https:\/\/www.kirche-langenfeld.de\/ev\/wp-content\/uploads\/2022\/08\/Kantorei-der-Erloeserkirche-300x225.jpg",300,225,true],"medium_large":["https:\/\/www.kirche-langenfeld.de\/ev\/wp-content\/uploads\/2022\/08\/Kantorei-der-Erloeserkirche-768x576.jpg",768,576,true],"large":["https:\/\/www.kirche-langenfeld.de\/ev\/wp-content\/uploads\/2022\/08\/Kantorei-der-Erloeserkirche-1024x768.jpg",1024,768,true],"1536x1536":["https:\/\/www.kirche-langenfeld.de\/ev\/wp-content\/uploads\/2022\/08\/Kantorei-der-Erloeserkirche-1536x1152.jpg",1536,1152,true],"2048x2048":["https:\/\/www.kirche-langenfeld.de\/ev\/wp-content\/uploads\/2022\/08\/Kantorei-der-Erloeserkirche-2048x1536.jpg",2048,1536,true],"ocean-thumb-m":["https:\/\/www.kirche-langenfeld.de\/ev\/wp-content\/uploads\/2022\/08\/Kantorei-der-Erloeserkirche-600x600.jpg",600,600,true],"ocean-thumb-ml":["https:\/\/www.kirche-langenfeld.de\/ev\/wp-content\/uploads\/2022\/08\/Kantorei-der-Erloeserkirche-800x450.jpg",800,450,true],"ocean-thumb-l":["https:\/\/www.kirche-langenfeld.de\/ev\/wp-content\/uploads\/2022\/08\/Kantorei-der-Erloeserkirche-1200x700.jpg",1200,700,true]},"uagb_author_info":{"display_name":"Ulrike Sch\u00f6n","author_link":"https:\/\/www.kirche-langenfeld.de\/ev\/author\/ulrike-schoen\/"},"uagb_comment_info":0,"uagb_excerpt":"Konzerte am 24. und 25. September","_links":{"self":[{"href":"https:\/\/www.kirche-langenfeld.de\/ev\/wp-json\/wp\/v2\/posts\/7875","targetHints":{"allow":["GET"]}}],"collection":[{"href":"https:\/\/www.kirche-langenfeld.de\/ev\/wp-json\/wp\/v2\/posts"}],"about":[{"href":"https:\/\/www.kirche-langenfeld.de\/ev\/wp-json\/wp\/v2\/types\/post"}],"author":[{"embeddable":true,"href":"https:\/\/www.kirche-langenfeld.de\/ev\/wp-json\/wp\/v2\/users\/9"}],"replies":[{"embeddable":true,"href":"https:\/\/www.kirche-langenfeld.de\/ev\/wp-json\/wp\/v2\/comments?post=7875"}],"version-history":[{"count":14,"href":"https:\/\/www.kirche-langenfeld.de\/ev\/wp-json\/wp\/v2\/posts\/7875\/revisions"}],"predecessor-version":[{"id":8275,"href":"https:\/\/www.kirche-langenfeld.de\/ev\/wp-json\/wp\/v2\/posts\/7875\/revisions\/8275"}],"wp:featuredmedia":[{"embeddable":true,"href":"https:\/\/www.kirche-langenfeld.de\/ev\/wp-json\/wp\/v2\/media\/8096"}],"wp:attachment":[{"href":"https:\/\/www.kirche-langenfeld.de\/ev\/wp-json\/wp\/v2\/media?parent=7875"}],"wp:term":[{"taxonomy":"category","embeddable":true,"href":"https:\/\/www.kirche-langenfeld.de\/ev\/wp-json\/wp\/v2\/categories?post=7875"},{"taxonomy":"post_tag","embeddable":true,"href":"https:\/\/www.kirche-langenfeld.de\/ev\/wp-json\/wp\/v2\/tags?post=7875"}],"curies":[{"name":"wp","href":"https:\/\/api.w.org\/{rel}","templated":true}]}}