{"id":6580,"date":"2025-11-25T08:21:46","date_gmt":"2025-11-25T07:21:46","guid":{"rendered":"https:\/\/www.kirche-langenfeld.de\/ev\/?p=6580"},"modified":"2026-01-02T19:22:46","modified_gmt":"2026-01-02T18:22:46","slug":"taize-abende","status":"publish","type":"post","link":"https:\/\/www.kirche-langenfeld.de\/ev\/taize-abende\/","title":{"rendered":"Taiz\u00e9-Abende"},"content":{"rendered":"\n<h2 class=\"wp-block-heading\"><br>Herzliche Einladung zum Mitsingen!<\/h2>\n\n\n\n<p>Seit vielen Jahren pflegt unser \u201eTaiz\u00e9-Chor\u201c die gute Tradition der Taiz\u00e9-Abende an der Erl\u00f6serkirche. Wir \u00fcben die Ges\u00e4nge aus der Communaut\u00e9 de Taiz\u00e9 in einem Chorabend gemeinsam mit Kantorin Esther Kim ein. Den Abend beschlie\u00dfen wir mit einer halbst\u00fcndigen Andacht nach der in Taiz\u00e9 gefeierten Liturgie.<\/p>\n\n\n\n<p>Alle, die gerne mitsingen m\u00f6chten, sind herzlich eingeladen.<\/p>\n\n\n\n<p><strong>Termine 2026:<\/strong><\/p>\n\n\n\n<div class=\"wp-block-uagb-icon-list uagb-block-3d3f02e3\"><div class=\"uagb-icon-list__wrap\">\n<div class=\"wp-block-uagb-icon-list-child uagb-block-98913dd9\"><span class=\"uagb-icon-list__source-wrap\"><svg xmlns=\"https:\/\/www.w3.org\/2000\/svg\" viewBox=\"0 0 448 512\"><path d=\"M160 32V64H288V32C288 14.33 302.3 0 320 0C337.7 0 352 14.33 352 32V64H400C426.5 64 448 85.49 448 112V160H0V112C0 85.49 21.49 64 48 64H96V32C96 14.33 110.3 0 128 0C145.7 0 160 14.33 160 32zM0 192H448V464C448 490.5 426.5 512 400 512H48C21.49 512 0 490.5 0 464V192zM64 304C64 312.8 71.16 320 80 320H112C120.8 320 128 312.8 128 304V272C128 263.2 120.8 256 112 256H80C71.16 256 64 263.2 64 272V304zM192 304C192 312.8 199.2 320 208 320H240C248.8 320 256 312.8 256 304V272C256 263.2 248.8 256 240 256H208C199.2 256 192 263.2 192 272V304zM336 256C327.2 256 320 263.2 320 272V304C320 312.8 327.2 320 336 320H368C376.8 320 384 312.8 384 304V272C384 263.2 376.8 256 368 256H336zM64 432C64 440.8 71.16 448 80 448H112C120.8 448 128 440.8 128 432V400C128 391.2 120.8 384 112 384H80C71.16 384 64 391.2 64 400V432zM208 384C199.2 384 192 391.2 192 400V432C192 440.8 199.2 448 208 448H240C248.8 448 256 440.8 256 432V400C256 391.2 248.8 384 240 384H208zM320 432C320 440.8 327.2 448 336 448H368C376.8 448 384 440.8 384 432V400C384 391.2 376.8 384 368 384H336C327.2 384 320 391.2 320 400V432z\"><\/path><\/svg><\/span><span class=\"uagb-icon-list__label\"><s><strong>06. Januar 2026<\/strong> &#8211; 20:00 Uhr in der Erl\u00f6serkirche<\/s> <strong>Dieser Termin wurde abgesagt!<\/strong><\/span><\/div>\n\n\n\n<div class=\"wp-block-uagb-icon-list-child uagb-block-90990ce4\"><span class=\"uagb-icon-list__source-wrap\"><svg xmlns=\"https:\/\/www.w3.org\/2000\/svg\" viewBox=\"0 0 448 512\"><path d=\"M160 32V64H288V32C288 14.33 302.3 0 320 0C337.7 0 352 14.33 352 32V64H400C426.5 64 448 85.49 448 112V160H0V112C0 85.49 21.49 64 48 64H96V32C96 14.33 110.3 0 128 0C145.7 0 160 14.33 160 32zM0 192H448V464C448 490.5 426.5 512 400 512H48C21.49 512 0 490.5 0 464V192zM64 304C64 312.8 71.16 320 80 320H112C120.8 320 128 312.8 128 304V272C128 263.2 120.8 256 112 256H80C71.16 256 64 263.2 64 272V304zM192 304C192 312.8 199.2 320 208 320H240C248.8 320 256 312.8 256 304V272C256 263.2 248.8 256 240 256H208C199.2 256 192 263.2 192 272V304zM336 256C327.2 256 320 263.2 320 272V304C320 312.8 327.2 320 336 320H368C376.8 320 384 312.8 384 304V272C384 263.2 376.8 256 368 256H336zM64 432C64 440.8 71.16 448 80 448H112C120.8 448 128 440.8 128 432V400C128 391.2 120.8 384 112 384H80C71.16 384 64 391.2 64 400V432zM208 384C199.2 384 192 391.2 192 400V432C192 440.8 199.2 448 208 448H240C248.8 448 256 440.8 256 432V400C256 391.2 248.8 384 240 384H208zM320 432C320 440.8 327.2 448 336 448H368C376.8 448 384 440.8 384 432V400C384 391.2 376.8 384 368 384H336C327.2 384 320 391.2 320 400V432z\"><\/path><\/svg><\/span><span class=\"uagb-icon-list__label\"><strong>03. Februar 2026<\/strong> &#8211; 20:00 Uhr in der Erl\u00f6serkirche<\/span><\/div>\n\n\n\n<div class=\"wp-block-uagb-icon-list-child uagb-block-0499640a\"><span class=\"uagb-icon-list__source-wrap\"><svg xmlns=\"https:\/\/www.w3.org\/2000\/svg\" viewBox=\"0 0 448 512\"><path d=\"M160 32V64H288V32C288 14.33 302.3 0 320 0C337.7 0 352 14.33 352 32V64H400C426.5 64 448 85.49 448 112V160H0V112C0 85.49 21.49 64 48 64H96V32C96 14.33 110.3 0 128 0C145.7 0 160 14.33 160 32zM0 192H448V464C448 490.5 426.5 512 400 512H48C21.49 512 0 490.5 0 464V192zM64 304C64 312.8 71.16 320 80 320H112C120.8 320 128 312.8 128 304V272C128 263.2 120.8 256 112 256H80C71.16 256 64 263.2 64 272V304zM192 304C192 312.8 199.2 320 208 320H240C248.8 320 256 312.8 256 304V272C256 263.2 248.8 256 240 256H208C199.2 256 192 263.2 192 272V304zM336 256C327.2 256 320 263.2 320 272V304C320 312.8 327.2 320 336 320H368C376.8 320 384 312.8 384 304V272C384 263.2 376.8 256 368 256H336zM64 432C64 440.8 71.16 448 80 448H112C120.8 448 128 440.8 128 432V400C128 391.2 120.8 384 112 384H80C71.16 384 64 391.2 64 400V432zM208 384C199.2 384 192 391.2 192 400V432C192 440.8 199.2 448 208 448H240C248.8 448 256 440.8 256 432V400C256 391.2 248.8 384 240 384H208zM320 432C320 440.8 327.2 448 336 448H368C376.8 448 384 440.8 384 432V400C384 391.2 376.8 384 368 384H336C327.2 384 320 391.2 320 400V432z\"><\/path><\/svg><\/span><span class=\"uagb-icon-list__label\"><strong>03. M\u00e4rz 2026<\/strong> &#8211; 20:00 Uhr in der Erl\u00f6serkirche<\/span><\/div>\n\n\n\n<div class=\"wp-block-uagb-icon-list-child uagb-block-bd4ba798\"><span class=\"uagb-icon-list__source-wrap\"><svg xmlns=\"https:\/\/www.w3.org\/2000\/svg\" viewBox=\"0 0 448 512\"><path d=\"M160 32V64H288V32C288 14.33 302.3 0 320 0C337.7 0 352 14.33 352 32V64H400C426.5 64 448 85.49 448 112V160H0V112C0 85.49 21.49 64 48 64H96V32C96 14.33 110.3 0 128 0C145.7 0 160 14.33 160 32zM0 192H448V464C448 490.5 426.5 512 400 512H48C21.49 512 0 490.5 0 464V192zM64 304C64 312.8 71.16 320 80 320H112C120.8 320 128 312.8 128 304V272C128 263.2 120.8 256 112 256H80C71.16 256 64 263.2 64 272V304zM192 304C192 312.8 199.2 320 208 320H240C248.8 320 256 312.8 256 304V272C256 263.2 248.8 256 240 256H208C199.2 256 192 263.2 192 272V304zM336 256C327.2 256 320 263.2 320 272V304C320 312.8 327.2 320 336 320H368C376.8 320 384 312.8 384 304V272C384 263.2 376.8 256 368 256H336zM64 432C64 440.8 71.16 448 80 448H112C120.8 448 128 440.8 128 432V400C128 391.2 120.8 384 112 384H80C71.16 384 64 391.2 64 400V432zM208 384C199.2 384 192 391.2 192 400V432C192 440.8 199.2 448 208 448H240C248.8 448 256 440.8 256 432V400C256 391.2 248.8 384 240 384H208zM320 432C320 440.8 327.2 448 336 448H368C376.8 448 384 440.8 384 432V400C384 391.2 376.8 384 368 384H336C327.2 384 320 391.2 320 400V432z\"><\/path><\/svg><\/span><span class=\"uagb-icon-list__label\"><strong>05. Mai <strong>2026<\/strong>  <\/strong>&#8211; 20:00 Uhr in der Erl\u00f6serkirche<\/span><\/div>\n\n\n\n<div class=\"wp-block-uagb-icon-list-child uagb-block-7d33553e\"><span class=\"uagb-icon-list__source-wrap\"><svg xmlns=\"https:\/\/www.w3.org\/2000\/svg\" viewBox=\"0 0 448 512\"><path d=\"M160 32V64H288V32C288 14.33 302.3 0 320 0C337.7 0 352 14.33 352 32V64H400C426.5 64 448 85.49 448 112V160H0V112C0 85.49 21.49 64 48 64H96V32C96 14.33 110.3 0 128 0C145.7 0 160 14.33 160 32zM0 192H448V464C448 490.5 426.5 512 400 512H48C21.49 512 0 490.5 0 464V192zM64 304C64 312.8 71.16 320 80 320H112C120.8 320 128 312.8 128 304V272C128 263.2 120.8 256 112 256H80C71.16 256 64 263.2 64 272V304zM192 304C192 312.8 199.2 320 208 320H240C248.8 320 256 312.8 256 304V272C256 263.2 248.8 256 240 256H208C199.2 256 192 263.2 192 272V304zM336 256C327.2 256 320 263.2 320 272V304C320 312.8 327.2 320 336 320H368C376.8 320 384 312.8 384 304V272C384 263.2 376.8 256 368 256H336zM64 432C64 440.8 71.16 448 80 448H112C120.8 448 128 440.8 128 432V400C128 391.2 120.8 384 112 384H80C71.16 384 64 391.2 64 400V432zM208 384C199.2 384 192 391.2 192 400V432C192 440.8 199.2 448 208 448H240C248.8 448 256 440.8 256 432V400C256 391.2 248.8 384 240 384H208zM320 432C320 440.8 327.2 448 336 448H368C376.8 448 384 440.8 384 432V400C384 391.2 376.8 384 368 384H336C327.2 384 320 391.2 320 400V432z\"><\/path><\/svg><\/span><span class=\"uagb-icon-list__label\"><strong>09. Juni <strong>2026<\/strong>  <\/strong>&#8211; 20:00 Uhr in der Erl\u00f6serkirche<\/span><\/div>\n\n\n\n<div class=\"wp-block-uagb-icon-list-child uagb-block-d9a208d6\"><span class=\"uagb-icon-list__source-wrap\"><svg xmlns=\"https:\/\/www.w3.org\/2000\/svg\" viewBox=\"0 0 448 512\"><path d=\"M160 32V64H288V32C288 14.33 302.3 0 320 0C337.7 0 352 14.33 352 32V64H400C426.5 64 448 85.49 448 112V160H0V112C0 85.49 21.49 64 48 64H96V32C96 14.33 110.3 0 128 0C145.7 0 160 14.33 160 32zM0 192H448V464C448 490.5 426.5 512 400 512H48C21.49 512 0 490.5 0 464V192zM64 304C64 312.8 71.16 320 80 320H112C120.8 320 128 312.8 128 304V272C128 263.2 120.8 256 112 256H80C71.16 256 64 263.2 64 272V304zM192 304C192 312.8 199.2 320 208 320H240C248.8 320 256 312.8 256 304V272C256 263.2 248.8 256 240 256H208C199.2 256 192 263.2 192 272V304zM336 256C327.2 256 320 263.2 320 272V304C320 312.8 327.2 320 336 320H368C376.8 320 384 312.8 384 304V272C384 263.2 376.8 256 368 256H336zM64 432C64 440.8 71.16 448 80 448H112C120.8 448 128 440.8 128 432V400C128 391.2 120.8 384 112 384H80C71.16 384 64 391.2 64 400V432zM208 384C199.2 384 192 391.2 192 400V432C192 440.8 199.2 448 208 448H240C248.8 448 256 440.8 256 432V400C256 391.2 248.8 384 240 384H208zM320 432C320 440.8 327.2 448 336 448H368C376.8 448 384 440.8 384 432V400C384 391.2 376.8 384 368 384H336C327.2 384 320 391.2 320 400V432z\"><\/path><\/svg><\/span><span class=\"uagb-icon-list__label\"><strong>07. Juli <strong>2026<\/strong>  <\/strong>&#8211; 20:00 Uhr in der Erl\u00f6serkirche<\/span><\/div>\n\n\n\n<div class=\"wp-block-uagb-icon-list-child uagb-block-eee20db5\"><span class=\"uagb-icon-list__source-wrap\"><svg xmlns=\"https:\/\/www.w3.org\/2000\/svg\" viewBox=\"0 0 448 512\"><path d=\"M160 32V64H288V32C288 14.33 302.3 0 320 0C337.7 0 352 14.33 352 32V64H400C426.5 64 448 85.49 448 112V160H0V112C0 85.49 21.49 64 48 64H96V32C96 14.33 110.3 0 128 0C145.7 0 160 14.33 160 32zM0 192H448V464C448 490.5 426.5 512 400 512H48C21.49 512 0 490.5 0 464V192zM64 304C64 312.8 71.16 320 80 320H112C120.8 320 128 312.8 128 304V272C128 263.2 120.8 256 112 256H80C71.16 256 64 263.2 64 272V304zM192 304C192 312.8 199.2 320 208 320H240C248.8 320 256 312.8 256 304V272C256 263.2 248.8 256 240 256H208C199.2 256 192 263.2 192 272V304zM336 256C327.2 256 320 263.2 320 272V304C320 312.8 327.2 320 336 320H368C376.8 320 384 312.8 384 304V272C384 263.2 376.8 256 368 256H336zM64 432C64 440.8 71.16 448 80 448H112C120.8 448 128 440.8 128 432V400C128 391.2 120.8 384 112 384H80C71.16 384 64 391.2 64 400V432zM208 384C199.2 384 192 391.2 192 400V432C192 440.8 199.2 448 208 448H240C248.8 448 256 440.8 256 432V400C256 391.2 248.8 384 240 384H208zM320 432C320 440.8 327.2 448 336 448H368C376.8 448 384 440.8 384 432V400C384 391.2 376.8 384 368 384H336C327.2 384 320 391.2 320 400V432z\"><\/path><\/svg><\/span><span class=\"uagb-icon-list__label\"><strong>01. September <strong>2026<\/strong>  <\/strong>&#8211; 20:00 Uhr in der Erl\u00f6serkirche<\/span><\/div>\n\n\n\n<div class=\"wp-block-uagb-icon-list-child uagb-block-f2652021\"><span class=\"uagb-icon-list__source-wrap\"><svg xmlns=\"https:\/\/www.w3.org\/2000\/svg\" viewBox=\"0 0 448 512\"><path d=\"M160 32V64H288V32C288 14.33 302.3 0 320 0C337.7 0 352 14.33 352 32V64H400C426.5 64 448 85.49 448 112V160H0V112C0 85.49 21.49 64 48 64H96V32C96 14.33 110.3 0 128 0C145.7 0 160 14.33 160 32zM0 192H448V464C448 490.5 426.5 512 400 512H48C21.49 512 0 490.5 0 464V192zM64 304C64 312.8 71.16 320 80 320H112C120.8 320 128 312.8 128 304V272C128 263.2 120.8 256 112 256H80C71.16 256 64 263.2 64 272V304zM192 304C192 312.8 199.2 320 208 320H240C248.8 320 256 312.8 256 304V272C256 263.2 248.8 256 240 256H208C199.2 256 192 263.2 192 272V304zM336 256C327.2 256 320 263.2 320 272V304C320 312.8 327.2 320 336 320H368C376.8 320 384 312.8 384 304V272C384 263.2 376.8 256 368 256H336zM64 432C64 440.8 71.16 448 80 448H112C120.8 448 128 440.8 128 432V400C128 391.2 120.8 384 112 384H80C71.16 384 64 391.2 64 400V432zM208 384C199.2 384 192 391.2 192 400V432C192 440.8 199.2 448 208 448H240C248.8 448 256 440.8 256 432V400C256 391.2 248.8 384 240 384H208zM320 432C320 440.8 327.2 448 336 448H368C376.8 448 384 440.8 384 432V400C384 391.2 376.8 384 368 384H336C327.2 384 320 391.2 320 400V432z\"><\/path><\/svg><\/span><span class=\"uagb-icon-list__label\"><strong>13. Oktober <strong>2026<\/strong>  <\/strong>&#8211; 20:00 Uhr in der Erl\u00f6serkirche<\/span><\/div>\n\n\n\n<div class=\"wp-block-uagb-icon-list-child uagb-block-35785dc2\"><span class=\"uagb-icon-list__source-wrap\"><svg xmlns=\"https:\/\/www.w3.org\/2000\/svg\" viewBox=\"0 0 448 512\"><path d=\"M160 32V64H288V32C288 14.33 302.3 0 320 0C337.7 0 352 14.33 352 32V64H400C426.5 64 448 85.49 448 112V160H0V112C0 85.49 21.49 64 48 64H96V32C96 14.33 110.3 0 128 0C145.7 0 160 14.33 160 32zM0 192H448V464C448 490.5 426.5 512 400 512H48C21.49 512 0 490.5 0 464V192zM64 304C64 312.8 71.16 320 80 320H112C120.8 320 128 312.8 128 304V272C128 263.2 120.8 256 112 256H80C71.16 256 64 263.2 64 272V304zM192 304C192 312.8 199.2 320 208 320H240C248.8 320 256 312.8 256 304V272C256 263.2 248.8 256 240 256H208C199.2 256 192 263.2 192 272V304zM336 256C327.2 256 320 263.2 320 272V304C320 312.8 327.2 320 336 320H368C376.8 320 384 312.8 384 304V272C384 263.2 376.8 256 368 256H336zM64 432C64 440.8 71.16 448 80 448H112C120.8 448 128 440.8 128 432V400C128 391.2 120.8 384 112 384H80C71.16 384 64 391.2 64 400V432zM208 384C199.2 384 192 391.2 192 400V432C192 440.8 199.2 448 208 448H240C248.8 448 256 440.8 256 432V400C256 391.2 248.8 384 240 384H208zM320 432C320 440.8 327.2 448 336 448H368C376.8 448 384 440.8 384 432V400C384 391.2 376.8 384 368 384H336C327.2 384 320 391.2 320 400V432z\"><\/path><\/svg><\/span><span class=\"uagb-icon-list__label\"><strong>01. Dezember <strong>2026<\/strong>  <\/strong>&#8211; 20:00 Uhr in der Erl\u00f6serkirche<\/span><\/div>\n<\/div><\/div>\n\n\n\n<p class=\"has-small-font-size\">*(kurzfristige \u00c4nderungen vorbehalten):&nbsp;<\/p>\n","protected":false},"excerpt":{"rendered":"<p>Der &#8222;Taiz\u00e9-Chor&#8220; trifft sich etwa monatlich in der Erl\u00f6serkirche. Alle Termine f\u00fcr  2026 finden Sie im Text. <\/p>\n","protected":false},"author":1,"featured_media":14960,"comment_status":"closed","ping_status":"closed","sticky":false,"template":"","format":"standard","meta":{"_uag_custom_page_level_css":"","pgc_sgb_lightbox_settings":"","ocean_post_layout":"","ocean_both_sidebars_style":"","ocean_both_sidebars_content_width":0,"ocean_both_sidebars_sidebars_width":0,"ocean_sidebar":"0","ocean_second_sidebar":"0","ocean_disable_margins":"enable","ocean_add_body_class":"","ocean_shortcode_before_top_bar":"","ocean_shortcode_after_top_bar":"","ocean_shortcode_before_header":"","ocean_shortcode_after_header":"","ocean_has_shortcode":"","ocean_shortcode_after_title":"","ocean_shortcode_before_footer_widgets":"","ocean_shortcode_after_footer_widgets":"","ocean_shortcode_before_footer_bottom":"","ocean_shortcode_after_footer_bottom":"","ocean_display_top_bar":"default","ocean_display_header":"default","ocean_header_style":"","ocean_center_header_left_menu":"0","ocean_custom_header_template":"0","ocean_custom_logo":0,"ocean_custom_retina_logo":0,"ocean_custom_logo_max_width":0,"ocean_custom_logo_tablet_max_width":0,"ocean_custom_logo_mobile_max_width":0,"ocean_custom_logo_max_height":0,"ocean_custom_logo_tablet_max_height":0,"ocean_custom_logo_mobile_max_height":0,"ocean_header_custom_menu":"0","ocean_menu_typo_font_family":"0","ocean_menu_typo_font_subset":"","ocean_menu_typo_font_size":0,"ocean_menu_typo_font_size_tablet":0,"ocean_menu_typo_font_size_mobile":0,"ocean_menu_typo_font_size_unit":"px","ocean_menu_typo_font_weight":"","ocean_menu_typo_font_weight_tablet":"","ocean_menu_typo_font_weight_mobile":"","ocean_menu_typo_transform":"","ocean_menu_typo_transform_tablet":"","ocean_menu_typo_transform_mobile":"","ocean_menu_typo_line_height":0,"ocean_menu_typo_line_height_tablet":0,"ocean_menu_typo_line_height_mobile":0,"ocean_menu_typo_line_height_unit":"","ocean_menu_typo_spacing":0,"ocean_menu_typo_spacing_tablet":0,"ocean_menu_typo_spacing_mobile":0,"ocean_menu_typo_spacing_unit":"","ocean_menu_link_color":"","ocean_menu_link_color_hover":"","ocean_menu_link_color_active":"","ocean_menu_link_background":"","ocean_menu_link_hover_background":"","ocean_menu_link_active_background":"","ocean_menu_social_links_bg":"","ocean_menu_social_hover_links_bg":"","ocean_menu_social_links_color":"","ocean_menu_social_hover_links_color":"","ocean_disable_title":"default","ocean_disable_heading":"default","ocean_post_title":"","ocean_post_subheading":"","ocean_post_title_style":"","ocean_post_title_background_color":"","ocean_post_title_background":0,"ocean_post_title_bg_image_position":"","ocean_post_title_bg_image_attachment":"","ocean_post_title_bg_image_repeat":"","ocean_post_title_bg_image_size":"","ocean_post_title_height":0,"ocean_post_title_bg_overlay":0.5,"ocean_post_title_bg_overlay_color":"","ocean_disable_breadcrumbs":"default","ocean_breadcrumbs_color":"","ocean_breadcrumbs_separator_color":"","ocean_breadcrumbs_links_color":"","ocean_breadcrumbs_links_hover_color":"","ocean_display_footer_widgets":"default","ocean_display_footer_bottom":"default","ocean_custom_footer_template":"0","ocean_post_oembed":"","ocean_post_self_hosted_media":"","ocean_post_video_embed":"","ocean_link_format":"","ocean_link_format_target":"self","ocean_quote_format":"","ocean_quote_format_link":"post","ocean_gallery_link_images":"off","ocean_gallery_id":[],"footnotes":""},"categories":[52,3,6,56],"tags":[101,109,102,273],"class_list":["post-6580","post","type-post","status-publish","format-standard","has-post-thumbnail","hentry","category-aktuelles","category-einblicke","category-musik","category-spirituelle-impulse","tag-chorgesang","tag-erloeserkirche","tag-mitsingen","tag-taize","entry","has-media"],"featured_image_src":"https:\/\/www.kirche-langenfeld.de\/ev\/wp-content\/uploads\/2025\/11\/taize-chor-2026.jpg","author_info":{"display_name":"Nora Mieke","author_link":"https:\/\/www.kirche-langenfeld.de\/ev\/author\/admin-mieke\/"},"yoast_head":"<!-- This site is optimized with the Yoast SEO plugin v27.0 - https:\/\/yoast.com\/product\/yoast-seo-wordpress\/ -->\n<title>Taiz\u00e9-Abende - Evangelische Kirchengemeinde Langenfeld<\/title>\n<meta name=\"description\" content=\"Die Lieder der Communaut\u00e9 de Taiz\u00e9 singen und die Gemeinschaft sp\u00fcren. Monatlich, dienstags, 20:00 Uhr in der Erl\u00f6serkirche, Hardt 23\" \/>\n<meta name=\"robots\" content=\"index, follow, max-snippet:-1, max-image-preview:large, max-video-preview:-1\" \/>\n<link rel=\"canonical\" href=\"https:\/\/www.kirche-langenfeld.de\/ev\/taize-abende\/\" \/>\n<meta property=\"og:locale\" content=\"de_DE\" \/>\n<meta property=\"og:type\" content=\"article\" \/>\n<meta property=\"og:title\" content=\"Taiz\u00e9-Abende - Evangelische Kirchengemeinde Langenfeld\" \/>\n<meta property=\"og:description\" content=\"Die Lieder der Communaut\u00e9 de Taiz\u00e9 singen und die Gemeinschaft sp\u00fcren. Monatlich, dienstags, 20:00 Uhr in der Erl\u00f6serkirche, Hardt 23\" \/>\n<meta property=\"og:url\" content=\"https:\/\/www.kirche-langenfeld.de\/ev\/taize-abende\/\" \/>\n<meta property=\"og:site_name\" content=\"Evangelische Kirchengemeinde Langenfeld\" \/>\n<meta property=\"article:published_time\" content=\"2025-11-25T07:21:46+00:00\" \/>\n<meta property=\"article:modified_time\" content=\"2026-01-02T18:22:46+00:00\" \/>\n<meta property=\"og:image\" content=\"https:\/\/www.kirche-langenfeld.de\/ev\/wp-content\/uploads\/2025\/11\/taize-chor-2026.jpg\" \/>\n\t<meta property=\"og:image:width\" content=\"1280\" \/>\n\t<meta property=\"og:image:height\" content=\"720\" \/>\n\t<meta property=\"og:image:type\" content=\"image\/jpeg\" \/>\n<meta name=\"author\" content=\"Nora Mieke\" \/>\n<meta name=\"twitter:card\" content=\"summary_large_image\" \/>\n<meta name=\"twitter:label1\" content=\"Verfasst von\" \/>\n\t<meta name=\"twitter:data1\" content=\"Nora Mieke\" \/>\n\t<meta name=\"twitter:label2\" content=\"Gesch\u00e4tzte Lesezeit\" \/>\n\t<meta name=\"twitter:data2\" content=\"1\u00a0Minute\" \/>\n<script type=\"application\/ld+json\" class=\"yoast-schema-graph\">{\"@context\":\"https:\/\/schema.org\",\"@graph\":[{\"@type\":\"Article\",\"@id\":\"https:\/\/www.kirche-langenfeld.de\/ev\/taize-abende\/#article\",\"isPartOf\":{\"@id\":\"https:\/\/www.kirche-langenfeld.de\/ev\/taize-abende\/\"},\"author\":{\"name\":\"Nora Mieke\",\"@id\":\"https:\/\/www.kirche-langenfeld.de\/ev\/#\/schema\/person\/bf0cfdbf65e800811d3c10fd4f06730d\"},\"headline\":\"Taiz\u00e9-Abende\",\"datePublished\":\"2025-11-25T07:21:46+00:00\",\"dateModified\":\"2026-01-02T18:22:46+00:00\",\"mainEntityOfPage\":{\"@id\":\"https:\/\/www.kirche-langenfeld.de\/ev\/taize-abende\/\"},\"wordCount\":140,\"publisher\":{\"@id\":\"https:\/\/www.kirche-langenfeld.de\/ev\/#organization\"},\"image\":{\"@id\":\"https:\/\/www.kirche-langenfeld.de\/ev\/taize-abende\/#primaryimage\"},\"thumbnailUrl\":\"https:\/\/www.kirche-langenfeld.de\/ev\/wp-content\/uploads\/2025\/11\/taize-chor-2026.jpg\",\"keywords\":[\"Chorgesang\",\"Erl\u00f6serkirche\",\"Mitsingen\",\"Taiz\u00e9\"],\"articleSection\":[\"Aktuelles\",\"Einblicke\",\"Musik\",\"Spirituelle Impulse\"],\"inLanguage\":\"de\"},{\"@type\":\"WebPage\",\"@id\":\"https:\/\/www.kirche-langenfeld.de\/ev\/taize-abende\/\",\"url\":\"https:\/\/www.kirche-langenfeld.de\/ev\/taize-abende\/\",\"name\":\"Taiz\u00e9-Abende - Evangelische Kirchengemeinde Langenfeld\",\"isPartOf\":{\"@id\":\"https:\/\/www.kirche-langenfeld.de\/ev\/#website\"},\"primaryImageOfPage\":{\"@id\":\"https:\/\/www.kirche-langenfeld.de\/ev\/taize-abende\/#primaryimage\"},\"image\":{\"@id\":\"https:\/\/www.kirche-langenfeld.de\/ev\/taize-abende\/#primaryimage\"},\"thumbnailUrl\":\"https:\/\/www.kirche-langenfeld.de\/ev\/wp-content\/uploads\/2025\/11\/taize-chor-2026.jpg\",\"datePublished\":\"2025-11-25T07:21:46+00:00\",\"dateModified\":\"2026-01-02T18:22:46+00:00\",\"description\":\"Die Lieder der Communaut\u00e9 de Taiz\u00e9 singen und die Gemeinschaft sp\u00fcren. Monatlich, dienstags, 20:00 Uhr in der Erl\u00f6serkirche, Hardt 23\",\"breadcrumb\":{\"@id\":\"https:\/\/www.kirche-langenfeld.de\/ev\/taize-abende\/#breadcrumb\"},\"inLanguage\":\"de\",\"potentialAction\":[{\"@type\":\"ReadAction\",\"target\":[\"https:\/\/www.kirche-langenfeld.de\/ev\/taize-abende\/\"]}]},{\"@type\":\"ImageObject\",\"inLanguage\":\"de\",\"@id\":\"https:\/\/www.kirche-langenfeld.de\/ev\/taize-abende\/#primaryimage\",\"url\":\"https:\/\/www.kirche-langenfeld.de\/ev\/wp-content\/uploads\/2025\/11\/taize-chor-2026.jpg\",\"contentUrl\":\"https:\/\/www.kirche-langenfeld.de\/ev\/wp-content\/uploads\/2025\/11\/taize-chor-2026.jpg\",\"width\":1280,\"height\":720},{\"@type\":\"BreadcrumbList\",\"@id\":\"https:\/\/www.kirche-langenfeld.de\/ev\/taize-abende\/#breadcrumb\",\"itemListElement\":[{\"@type\":\"ListItem\",\"position\":1,\"name\":\"Startseite\",\"item\":\"https:\/\/www.kirche-langenfeld.de\/ev\/\"},{\"@type\":\"ListItem\",\"position\":2,\"name\":\"Taiz\u00e9-Abende\"}]},{\"@type\":\"WebSite\",\"@id\":\"https:\/\/www.kirche-langenfeld.de\/ev\/#website\",\"url\":\"https:\/\/www.kirche-langenfeld.de\/ev\/\",\"name\":\"Evangelische Kirchengemeinde Langenfeld\",\"description\":\"Informationen rund um unsere Gemeinde\",\"publisher\":{\"@id\":\"https:\/\/www.kirche-langenfeld.de\/ev\/#organization\"},\"potentialAction\":[{\"@type\":\"SearchAction\",\"target\":{\"@type\":\"EntryPoint\",\"urlTemplate\":\"https:\/\/www.kirche-langenfeld.de\/ev\/?s={search_term_string}\"},\"query-input\":{\"@type\":\"PropertyValueSpecification\",\"valueRequired\":true,\"valueName\":\"search_term_string\"}}],\"inLanguage\":\"de\"},{\"@type\":\"Organization\",\"@id\":\"https:\/\/www.kirche-langenfeld.de\/ev\/#organization\",\"name\":\"Evangelische Kirchengemeinde Langenfeld\",\"url\":\"https:\/\/www.kirche-langenfeld.de\/ev\/\",\"logo\":{\"@type\":\"ImageObject\",\"inLanguage\":\"de\",\"@id\":\"https:\/\/www.kirche-langenfeld.de\/ev\/#\/schema\/logo\/image\/\",\"url\":\"https:\/\/www.kirche-langenfeld.de\/ev\/wp-content\/uploads\/2020\/09\/logo-ev-2020.png\",\"contentUrl\":\"https:\/\/www.kirche-langenfeld.de\/ev\/wp-content\/uploads\/2020\/09\/logo-ev-2020.png\",\"width\":276,\"height\":200,\"caption\":\"Evangelische Kirchengemeinde Langenfeld\"},\"image\":{\"@id\":\"https:\/\/www.kirche-langenfeld.de\/ev\/#\/schema\/logo\/image\/\"}},{\"@type\":\"Person\",\"@id\":\"https:\/\/www.kirche-langenfeld.de\/ev\/#\/schema\/person\/bf0cfdbf65e800811d3c10fd4f06730d\",\"name\":\"Nora Mieke\",\"url\":\"https:\/\/www.kirche-langenfeld.de\/ev\/author\/admin-mieke\/\"}]}<\/script>\n<!-- \/ Yoast SEO plugin. -->","yoast_head_json":{"title":"Taiz\u00e9-Abende - Evangelische Kirchengemeinde Langenfeld","description":"Die Lieder der Communaut\u00e9 de Taiz\u00e9 singen und die Gemeinschaft sp\u00fcren. Monatlich, dienstags, 20:00 Uhr in der Erl\u00f6serkirche, Hardt 23","robots":{"index":"index","follow":"follow","max-snippet":"max-snippet:-1","max-image-preview":"max-image-preview:large","max-video-preview":"max-video-preview:-1"},"canonical":"https:\/\/www.kirche-langenfeld.de\/ev\/taize-abende\/","og_locale":"de_DE","og_type":"article","og_title":"Taiz\u00e9-Abende - Evangelische Kirchengemeinde Langenfeld","og_description":"Die Lieder der Communaut\u00e9 de Taiz\u00e9 singen und die Gemeinschaft sp\u00fcren. Monatlich, dienstags, 20:00 Uhr in der Erl\u00f6serkirche, Hardt 23","og_url":"https:\/\/www.kirche-langenfeld.de\/ev\/taize-abende\/","og_site_name":"Evangelische Kirchengemeinde Langenfeld","article_published_time":"2025-11-25T07:21:46+00:00","article_modified_time":"2026-01-02T18:22:46+00:00","og_image":[{"width":1280,"height":720,"url":"https:\/\/www.kirche-langenfeld.de\/ev\/wp-content\/uploads\/2025\/11\/taize-chor-2026.jpg","type":"image\/jpeg"}],"author":"Nora Mieke","twitter_card":"summary_large_image","twitter_misc":{"Verfasst von":"Nora Mieke","Gesch\u00e4tzte Lesezeit":"1\u00a0Minute"},"schema":{"@context":"https:\/\/schema.org","@graph":[{"@type":"Article","@id":"https:\/\/www.kirche-langenfeld.de\/ev\/taize-abende\/#article","isPartOf":{"@id":"https:\/\/www.kirche-langenfeld.de\/ev\/taize-abende\/"},"author":{"name":"Nora Mieke","@id":"https:\/\/www.kirche-langenfeld.de\/ev\/#\/schema\/person\/bf0cfdbf65e800811d3c10fd4f06730d"},"headline":"Taiz\u00e9-Abende","datePublished":"2025-11-25T07:21:46+00:00","dateModified":"2026-01-02T18:22:46+00:00","mainEntityOfPage":{"@id":"https:\/\/www.kirche-langenfeld.de\/ev\/taize-abende\/"},"wordCount":140,"publisher":{"@id":"https:\/\/www.kirche-langenfeld.de\/ev\/#organization"},"image":{"@id":"https:\/\/www.kirche-langenfeld.de\/ev\/taize-abende\/#primaryimage"},"thumbnailUrl":"https:\/\/www.kirche-langenfeld.de\/ev\/wp-content\/uploads\/2025\/11\/taize-chor-2026.jpg","keywords":["Chorgesang","Erl\u00f6serkirche","Mitsingen","Taiz\u00e9"],"articleSection":["Aktuelles","Einblicke","Musik","Spirituelle Impulse"],"inLanguage":"de"},{"@type":"WebPage","@id":"https:\/\/www.kirche-langenfeld.de\/ev\/taize-abende\/","url":"https:\/\/www.kirche-langenfeld.de\/ev\/taize-abende\/","name":"Taiz\u00e9-Abende - Evangelische Kirchengemeinde Langenfeld","isPartOf":{"@id":"https:\/\/www.kirche-langenfeld.de\/ev\/#website"},"primaryImageOfPage":{"@id":"https:\/\/www.kirche-langenfeld.de\/ev\/taize-abende\/#primaryimage"},"image":{"@id":"https:\/\/www.kirche-langenfeld.de\/ev\/taize-abende\/#primaryimage"},"thumbnailUrl":"https:\/\/www.kirche-langenfeld.de\/ev\/wp-content\/uploads\/2025\/11\/taize-chor-2026.jpg","datePublished":"2025-11-25T07:21:46+00:00","dateModified":"2026-01-02T18:22:46+00:00","description":"Die Lieder der Communaut\u00e9 de Taiz\u00e9 singen und die Gemeinschaft sp\u00fcren. Monatlich, dienstags, 20:00 Uhr in der Erl\u00f6serkirche, Hardt 23","breadcrumb":{"@id":"https:\/\/www.kirche-langenfeld.de\/ev\/taize-abende\/#breadcrumb"},"inLanguage":"de","potentialAction":[{"@type":"ReadAction","target":["https:\/\/www.kirche-langenfeld.de\/ev\/taize-abende\/"]}]},{"@type":"ImageObject","inLanguage":"de","@id":"https:\/\/www.kirche-langenfeld.de\/ev\/taize-abende\/#primaryimage","url":"https:\/\/www.kirche-langenfeld.de\/ev\/wp-content\/uploads\/2025\/11\/taize-chor-2026.jpg","contentUrl":"https:\/\/www.kirche-langenfeld.de\/ev\/wp-content\/uploads\/2025\/11\/taize-chor-2026.jpg","width":1280,"height":720},{"@type":"BreadcrumbList","@id":"https:\/\/www.kirche-langenfeld.de\/ev\/taize-abende\/#breadcrumb","itemListElement":[{"@type":"ListItem","position":1,"name":"Startseite","item":"https:\/\/www.kirche-langenfeld.de\/ev\/"},{"@type":"ListItem","position":2,"name":"Taiz\u00e9-Abende"}]},{"@type":"WebSite","@id":"https:\/\/www.kirche-langenfeld.de\/ev\/#website","url":"https:\/\/www.kirche-langenfeld.de\/ev\/","name":"Evangelische Kirchengemeinde Langenfeld","description":"Informationen rund um unsere Gemeinde","publisher":{"@id":"https:\/\/www.kirche-langenfeld.de\/ev\/#organization"},"potentialAction":[{"@type":"SearchAction","target":{"@type":"EntryPoint","urlTemplate":"https:\/\/www.kirche-langenfeld.de\/ev\/?s={search_term_string}"},"query-input":{"@type":"PropertyValueSpecification","valueRequired":true,"valueName":"search_term_string"}}],"inLanguage":"de"},{"@type":"Organization","@id":"https:\/\/www.kirche-langenfeld.de\/ev\/#organization","name":"Evangelische Kirchengemeinde Langenfeld","url":"https:\/\/www.kirche-langenfeld.de\/ev\/","logo":{"@type":"ImageObject","inLanguage":"de","@id":"https:\/\/www.kirche-langenfeld.de\/ev\/#\/schema\/logo\/image\/","url":"https:\/\/www.kirche-langenfeld.de\/ev\/wp-content\/uploads\/2020\/09\/logo-ev-2020.png","contentUrl":"https:\/\/www.kirche-langenfeld.de\/ev\/wp-content\/uploads\/2020\/09\/logo-ev-2020.png","width":276,"height":200,"caption":"Evangelische Kirchengemeinde Langenfeld"},"image":{"@id":"https:\/\/www.kirche-langenfeld.de\/ev\/#\/schema\/logo\/image\/"}},{"@type":"Person","@id":"https:\/\/www.kirche-langenfeld.de\/ev\/#\/schema\/person\/bf0cfdbf65e800811d3c10fd4f06730d","name":"Nora Mieke","url":"https:\/\/www.kirche-langenfeld.de\/ev\/author\/admin-mieke\/"}]}},"uagb_featured_image_src":{"full":["https:\/\/www.kirche-langenfeld.de\/ev\/wp-content\/uploads\/2025\/11\/taize-chor-2026.jpg",1280,720,false],"thumbnail":["https:\/\/www.kirche-langenfeld.de\/ev\/wp-content\/uploads\/2025\/11\/taize-chor-2026-150x150.jpg",150,150,true],"medium":["https:\/\/www.kirche-langenfeld.de\/ev\/wp-content\/uploads\/2025\/11\/taize-chor-2026-300x169.jpg",300,169,true],"medium_large":["https:\/\/www.kirche-langenfeld.de\/ev\/wp-content\/uploads\/2025\/11\/taize-chor-2026-768x432.jpg",768,432,true],"large":["https:\/\/www.kirche-langenfeld.de\/ev\/wp-content\/uploads\/2025\/11\/taize-chor-2026-1024x576.jpg",1024,576,true],"1536x1536":["https:\/\/www.kirche-langenfeld.de\/ev\/wp-content\/uploads\/2025\/11\/taize-chor-2026.jpg",1280,720,false],"2048x2048":["https:\/\/www.kirche-langenfeld.de\/ev\/wp-content\/uploads\/2025\/11\/taize-chor-2026.jpg",1280,720,false],"ocean-thumb-m":["https:\/\/www.kirche-langenfeld.de\/ev\/wp-content\/uploads\/2025\/11\/taize-chor-2026-600x600.jpg",600,600,true],"ocean-thumb-ml":["https:\/\/www.kirche-langenfeld.de\/ev\/wp-content\/uploads\/2025\/11\/taize-chor-2026-800x450.jpg",800,450,true],"ocean-thumb-l":["https:\/\/www.kirche-langenfeld.de\/ev\/wp-content\/uploads\/2025\/11\/taize-chor-2026-1200x700.jpg",1200,700,true]},"uagb_author_info":{"display_name":"Nora Mieke","author_link":"https:\/\/www.kirche-langenfeld.de\/ev\/author\/admin-mieke\/"},"uagb_comment_info":0,"uagb_excerpt":"Der \"Taiz\u00e9-Chor\" trifft sich etwa monatlich in der Erl\u00f6serkirche. Alle Termine f\u00fcr 2026 finden Sie im Text.","_links":{"self":[{"href":"https:\/\/www.kirche-langenfeld.de\/ev\/wp-json\/wp\/v2\/posts\/6580","targetHints":{"allow":["GET"]}}],"collection":[{"href":"https:\/\/www.kirche-langenfeld.de\/ev\/wp-json\/wp\/v2\/posts"}],"about":[{"href":"https:\/\/www.kirche-langenfeld.de\/ev\/wp-json\/wp\/v2\/types\/post"}],"author":[{"embeddable":true,"href":"https:\/\/www.kirche-langenfeld.de\/ev\/wp-json\/wp\/v2\/users\/1"}],"replies":[{"embeddable":true,"href":"https:\/\/www.kirche-langenfeld.de\/ev\/wp-json\/wp\/v2\/comments?post=6580"}],"version-history":[{"count":29,"href":"https:\/\/www.kirche-langenfeld.de\/ev\/wp-json\/wp\/v2\/posts\/6580\/revisions"}],"predecessor-version":[{"id":15475,"href":"https:\/\/www.kirche-langenfeld.de\/ev\/wp-json\/wp\/v2\/posts\/6580\/revisions\/15475"}],"wp:featuredmedia":[{"embeddable":true,"href":"https:\/\/www.kirche-langenfeld.de\/ev\/wp-json\/wp\/v2\/media\/14960"}],"wp:attachment":[{"href":"https:\/\/www.kirche-langenfeld.de\/ev\/wp-json\/wp\/v2\/media?parent=6580"}],"wp:term":[{"taxonomy":"category","embeddable":true,"href":"https:\/\/www.kirche-langenfeld.de\/ev\/wp-json\/wp\/v2\/categories?post=6580"},{"taxonomy":"post_tag","embeddable":true,"href":"https:\/\/www.kirche-langenfeld.de\/ev\/wp-json\/wp\/v2\/tags?post=6580"}],"curies":[{"name":"wp","href":"https:\/\/api.w.org\/{rel}","templated":true}]}}