{"id":5524,"date":"2021-12-18T16:27:00","date_gmt":"2021-12-18T15:27:00","guid":{"rendered":"https:\/\/www.kirche-langenfeld.de\/ev\/?p=5524"},"modified":"2022-10-14T15:37:13","modified_gmt":"2022-10-14T13:37:13","slug":"mozarts-vesperae-solennes-de-confessore","status":"publish","type":"post","link":"https:\/\/www.kirche-langenfeld.de\/ev\/mozarts-vesperae-solennes-de-confessore\/","title":{"rendered":"Mozarts &#8222;Vesperae solennes de Confessore&#8220;"},"content":{"rendered":"\n<p class=\"has-medium-font-size\">Digitales Konzert der Kantorei der Erl\u00f6serkirche in Puzzletechnik<\/p>\n\n\n\n<p>Hier k\u00f6nnen Sie den ersten bereits fertig gestellten Satz &#8222;Laudate Dominum&#8220; sehen und genie\u00dfen: <\/p>\n\n\n\n<figure class=\"wp-block-embed is-type-video is-provider-vimeo wp-block-embed-vimeo\"><div class=\"wp-block-embed__wrapper\">\n<p class=\"responsive-video-wrap clr\"><iframe loading=\"lazy\" title=\"&amp;quot;Laudate Dominum&amp;quot; aus: KV 339 (W. A. Mozart)\" src=\"https:\/\/player.vimeo.com\/video\/658144646?h=7ee5a88c22&amp;dnt=1&amp;app_id=122963\" width=\"1200\" height=\"675\" frameborder=\"0\" allow=\"autoplay; fullscreen; picture-in-picture\" allowfullscreen><\/iframe><\/p>\n<\/div><\/figure>\n\n\n\n<p>Aber wie hat es angefangen?<\/p>\n\n\n\n<p>Wie so viele Ch\u00f6re hatte auch die Kantorei der Erl\u00f6serkirche gro\u00dfe Probleme mit den Auflagen w\u00e4hrend der Corona Pandemie. Dagegen gab es nur ein Rezept: weitersingen \u2013 aber wie?<\/p>\n\n\n\n<p>Kantorin Esther Kim hat in diesem Sommer mit hohem Zeiteinsatz, Organisationstalent und viel Optimismus ein weiteres Wunder vollbracht. Die Erl\u00f6serkirche bot dazu mit f\u00fcnf gro\u00dfen L\u00fcftungst\u00fcren und optimalem Grundriss gute Bedingungen zur Einhaltung der Corona Regeln. &nbsp;&nbsp;&nbsp;&nbsp;&nbsp;<\/p>\n\n\n\n<div class=\"wp-block-columns is-layout-flex wp-container-core-columns-is-layout-9d6595d7 wp-block-columns-is-layout-flex\">\n<div class=\"wp-block-column is-layout-flow wp-block-column-is-layout-flow\" style=\"flex-basis:33.33%\">\n<figure class=\"wp-block-image size-large\"><img loading=\"lazy\" decoding=\"async\" width=\"1024\" height=\"683\" src=\"https:\/\/www.kirche-langenfeld.de\/ev\/wp-content\/uploads\/2021\/10\/Esther-Kim-1024x683.jpg\" alt=\"Esther Kim - Kantorin an der Langenfeld Erl\u00f6serkirche\" class=\"wp-image-5521\" srcset=\"https:\/\/www.kirche-langenfeld.de\/ev\/wp-content\/uploads\/2021\/10\/Esther-Kim-1024x683.jpg 1024w, https:\/\/www.kirche-langenfeld.de\/ev\/wp-content\/uploads\/2021\/10\/Esther-Kim-300x200.jpg 300w, https:\/\/www.kirche-langenfeld.de\/ev\/wp-content\/uploads\/2021\/10\/Esther-Kim-768x512.jpg 768w, https:\/\/www.kirche-langenfeld.de\/ev\/wp-content\/uploads\/2021\/10\/Esther-Kim-1536x1024.jpg 1536w, https:\/\/www.kirche-langenfeld.de\/ev\/wp-content\/uploads\/2021\/10\/Esther-Kim-2048x1365.jpg 2048w\" sizes=\"auto, (max-width: 1024px) 100vw, 1024px\" \/><figcaption>Esther Kim &#8211; Kantorin an der Langenfeld Erl\u00f6serkirche <\/figcaption><\/figure>\n<\/div>\n\n\n\n<div class=\"wp-block-column is-layout-flow wp-block-column-is-layout-flow\" style=\"flex-basis:66.66%\">\n<p>Doch was ist passiert? Nachdem schon im vergangenen Jahr mit hohem technischem Aufwand der erste Teil des Weihnachtsoratoriums aufgenommen und im Dezember in den Internetkanal Youtube in die Welt gestellt wurde, sind nun gerade die Film-und Tonaufnahmen f\u00fcr W.A. Mozarts Vesperae solennes de Confessore (KV 339) abgeschlossen worden. Vorweg wurde der Orchester- und Solistenpart aufgenommen. Diese Aufnahme war die \u00dcbungs-CD f\u00fcr die Chors\u00e4ngerinnen und -s\u00e4nger. Alle haben sich sehr engagiert zu Hause vorbereitet und in Kleingruppen live miteinander geprobt.<\/p>\n<\/div>\n<\/div>\n\n\n\n<p>Im Oktober wurde die Chorfassung in zwei Teilgruppen aufgenommen. Das Orchester und Solisten wurden dazu mit Lautsprechern eingespielt. Der letzte Schritt ist der Zusammenschnitt von 16 Film- und 32 Tonspuren zu einer Konzertaufnahme. Diesen aufw\u00e4ndigen technischen Part sowie alle Aufnahmen haben wie im vergangenen Jahr Andreas M\u00fcller und Younggoo Chang \u00fcbernommen.<\/p>\n\n\n\n<p>Unter Einhaltung aller Auflagen in der Corona Pandemie&nbsp; ist ein gro\u00dfes Puzzle an Einzelaufnahmen entstanden, das im Januar 2022 als fertiges Konzert mit 50 S\u00e4ngerinnen und S\u00e4ngern, Solisten und dem Rheinklang Orchester in Youtube eingestellt und auch hier zu sehen sein wird: &nbsp;zur gro\u00dfen Freude aller Beteiligten und f\u00fcr ein zahlreicheres Publikum als gew\u00f6hnlich. <\/p>\n","protected":false},"excerpt":{"rendered":"<p>Der erste Satz ist fertig! <\/p>\n","protected":false},"author":9,"featured_media":0,"comment_status":"closed","ping_status":"closed","sticky":false,"template":"","format":"standard","meta":{"_uag_custom_page_level_css":"","pgc_sgb_lightbox_settings":"","ocean_post_layout":"","ocean_both_sidebars_style":"","ocean_both_sidebars_content_width":0,"ocean_both_sidebars_sidebars_width":0,"ocean_sidebar":"0","ocean_second_sidebar":"0","ocean_disable_margins":"enable","ocean_add_body_class":"","ocean_shortcode_before_top_bar":"","ocean_shortcode_after_top_bar":"","ocean_shortcode_before_header":"","ocean_shortcode_after_header":"","ocean_has_shortcode":"","ocean_shortcode_after_title":"","ocean_shortcode_before_footer_widgets":"","ocean_shortcode_after_footer_widgets":"","ocean_shortcode_before_footer_bottom":"","ocean_shortcode_after_footer_bottom":"","ocean_display_top_bar":"default","ocean_display_header":"default","ocean_header_style":"","ocean_center_header_left_menu":"0","ocean_custom_header_template":"0","ocean_custom_logo":0,"ocean_custom_retina_logo":0,"ocean_custom_logo_max_width":0,"ocean_custom_logo_tablet_max_width":0,"ocean_custom_logo_mobile_max_width":0,"ocean_custom_logo_max_height":0,"ocean_custom_logo_tablet_max_height":0,"ocean_custom_logo_mobile_max_height":0,"ocean_header_custom_menu":"0","ocean_menu_typo_font_family":"0","ocean_menu_typo_font_subset":"","ocean_menu_typo_font_size":0,"ocean_menu_typo_font_size_tablet":0,"ocean_menu_typo_font_size_mobile":0,"ocean_menu_typo_font_size_unit":"px","ocean_menu_typo_font_weight":"","ocean_menu_typo_font_weight_tablet":"","ocean_menu_typo_font_weight_mobile":"","ocean_menu_typo_transform":"","ocean_menu_typo_transform_tablet":"","ocean_menu_typo_transform_mobile":"","ocean_menu_typo_line_height":0,"ocean_menu_typo_line_height_tablet":0,"ocean_menu_typo_line_height_mobile":0,"ocean_menu_typo_line_height_unit":"","ocean_menu_typo_spacing":0,"ocean_menu_typo_spacing_tablet":0,"ocean_menu_typo_spacing_mobile":0,"ocean_menu_typo_spacing_unit":"","ocean_menu_link_color":"","ocean_menu_link_color_hover":"","ocean_menu_link_color_active":"","ocean_menu_link_background":"","ocean_menu_link_hover_background":"","ocean_menu_link_active_background":"","ocean_menu_social_links_bg":"","ocean_menu_social_hover_links_bg":"","ocean_menu_social_links_color":"","ocean_menu_social_hover_links_color":"","ocean_disable_title":"default","ocean_disable_heading":"default","ocean_post_title":"","ocean_post_subheading":"","ocean_post_title_style":"","ocean_post_title_background_color":"","ocean_post_title_background":0,"ocean_post_title_bg_image_position":"","ocean_post_title_bg_image_attachment":"","ocean_post_title_bg_image_repeat":"","ocean_post_title_bg_image_size":"","ocean_post_title_height":0,"ocean_post_title_bg_overlay":0.5,"ocean_post_title_bg_overlay_color":"","ocean_disable_breadcrumbs":"default","ocean_breadcrumbs_color":"","ocean_breadcrumbs_separator_color":"","ocean_breadcrumbs_links_color":"","ocean_breadcrumbs_links_hover_color":"","ocean_display_footer_widgets":"default","ocean_display_footer_bottom":"default","ocean_custom_footer_template":"0","ocean_post_oembed":"","ocean_post_self_hosted_media":"","ocean_post_video_embed":"","ocean_link_format":"","ocean_link_format_target":"self","ocean_quote_format":"","ocean_quote_format_link":"post","ocean_gallery_link_images":"off","ocean_gallery_id":[],"footnotes":""},"categories":[51,6],"tags":[],"class_list":["post-5524","post","type-post","status-publish","format-standard","hentry","category-kirchenmusik","category-musik","entry"],"featured_image_src":null,"author_info":{"display_name":"Ulrike Sch\u00f6n","author_link":"https:\/\/www.kirche-langenfeld.de\/ev\/author\/ulrike-schoen\/"},"yoast_head":"<!-- This site is optimized with the Yoast SEO plugin v27.0 - https:\/\/yoast.com\/product\/yoast-seo-wordpress\/ -->\n<title>Mozarts &quot;Vesperae solennes de Confessore&quot; - Evangelische Kirchengemeinde Langenfeld<\/title>\n<meta name=\"robots\" content=\"index, follow, max-snippet:-1, max-image-preview:large, max-video-preview:-1\" \/>\n<link rel=\"canonical\" href=\"https:\/\/www.kirche-langenfeld.de\/ev\/mozarts-vesperae-solennes-de-confessore\/\" \/>\n<meta property=\"og:locale\" content=\"de_DE\" \/>\n<meta property=\"og:type\" content=\"article\" \/>\n<meta property=\"og:title\" content=\"Mozarts &quot;Vesperae solennes de Confessore&quot; - Evangelische Kirchengemeinde Langenfeld\" \/>\n<meta property=\"og:description\" content=\"Der erste Satz ist fertig!\" \/>\n<meta property=\"og:url\" content=\"https:\/\/www.kirche-langenfeld.de\/ev\/mozarts-vesperae-solennes-de-confessore\/\" \/>\n<meta property=\"og:site_name\" content=\"Evangelische Kirchengemeinde Langenfeld\" \/>\n<meta property=\"article:published_time\" content=\"2021-12-18T15:27:00+00:00\" \/>\n<meta property=\"article:modified_time\" content=\"2022-10-14T13:37:13+00:00\" \/>\n<meta property=\"og:image\" content=\"https:\/\/www.kirche-langenfeld.de\/ev\/wp-content\/uploads\/2021\/10\/Videoproduktion-Mozart-2021-Erloeserkirche-scaled.jpg\" \/>\n\t<meta property=\"og:image:width\" content=\"2560\" \/>\n\t<meta property=\"og:image:height\" content=\"1920\" \/>\n\t<meta property=\"og:image:type\" content=\"image\/jpeg\" \/>\n<meta name=\"author\" content=\"Ulrike Sch\u00f6n\" \/>\n<meta name=\"twitter:card\" content=\"summary_large_image\" \/>\n<meta name=\"twitter:label1\" content=\"Verfasst von\" \/>\n\t<meta name=\"twitter:data1\" content=\"Ulrike Sch\u00f6n\" \/>\n\t<meta name=\"twitter:label2\" content=\"Gesch\u00e4tzte Lesezeit\" \/>\n\t<meta name=\"twitter:data2\" content=\"2\u00a0Minuten\" \/>\n<script type=\"application\/ld+json\" class=\"yoast-schema-graph\">{\"@context\":\"https:\/\/schema.org\",\"@graph\":[{\"@type\":\"Article\",\"@id\":\"https:\/\/www.kirche-langenfeld.de\/ev\/mozarts-vesperae-solennes-de-confessore\/#article\",\"isPartOf\":{\"@id\":\"https:\/\/www.kirche-langenfeld.de\/ev\/mozarts-vesperae-solennes-de-confessore\/\"},\"author\":{\"name\":\"Ulrike Sch\u00f6n\",\"@id\":\"https:\/\/www.kirche-langenfeld.de\/ev\/#\/schema\/person\/47ee4a1cc08eed94e5e1ec70370dd65b\"},\"headline\":\"Mozarts &#8222;Vesperae solennes de Confessore&#8220;\",\"datePublished\":\"2021-12-18T15:27:00+00:00\",\"dateModified\":\"2022-10-14T13:37:13+00:00\",\"mainEntityOfPage\":{\"@id\":\"https:\/\/www.kirche-langenfeld.de\/ev\/mozarts-vesperae-solennes-de-confessore\/\"},\"wordCount\":319,\"publisher\":{\"@id\":\"https:\/\/www.kirche-langenfeld.de\/ev\/#organization\"},\"image\":{\"@id\":\"https:\/\/www.kirche-langenfeld.de\/ev\/mozarts-vesperae-solennes-de-confessore\/#primaryimage\"},\"thumbnailUrl\":\"https:\/\/www.kirche-langenfeld.de\/ev\/wp-content\/uploads\/2021\/10\/Esther-Kim-1024x683.jpg\",\"articleSection\":[\"Kirchenmusik\",\"Musik\"],\"inLanguage\":\"de\"},{\"@type\":\"WebPage\",\"@id\":\"https:\/\/www.kirche-langenfeld.de\/ev\/mozarts-vesperae-solennes-de-confessore\/\",\"url\":\"https:\/\/www.kirche-langenfeld.de\/ev\/mozarts-vesperae-solennes-de-confessore\/\",\"name\":\"Mozarts \\\"Vesperae solennes de Confessore\\\" - Evangelische Kirchengemeinde Langenfeld\",\"isPartOf\":{\"@id\":\"https:\/\/www.kirche-langenfeld.de\/ev\/#website\"},\"primaryImageOfPage\":{\"@id\":\"https:\/\/www.kirche-langenfeld.de\/ev\/mozarts-vesperae-solennes-de-confessore\/#primaryimage\"},\"image\":{\"@id\":\"https:\/\/www.kirche-langenfeld.de\/ev\/mozarts-vesperae-solennes-de-confessore\/#primaryimage\"},\"thumbnailUrl\":\"https:\/\/www.kirche-langenfeld.de\/ev\/wp-content\/uploads\/2021\/10\/Esther-Kim-1024x683.jpg\",\"datePublished\":\"2021-12-18T15:27:00+00:00\",\"dateModified\":\"2022-10-14T13:37:13+00:00\",\"breadcrumb\":{\"@id\":\"https:\/\/www.kirche-langenfeld.de\/ev\/mozarts-vesperae-solennes-de-confessore\/#breadcrumb\"},\"inLanguage\":\"de\",\"potentialAction\":[{\"@type\":\"ReadAction\",\"target\":[\"https:\/\/www.kirche-langenfeld.de\/ev\/mozarts-vesperae-solennes-de-confessore\/\"]}]},{\"@type\":\"ImageObject\",\"inLanguage\":\"de\",\"@id\":\"https:\/\/www.kirche-langenfeld.de\/ev\/mozarts-vesperae-solennes-de-confessore\/#primaryimage\",\"url\":\"https:\/\/www.kirche-langenfeld.de\/ev\/wp-content\/uploads\/2021\/10\/Esther-Kim-1024x683.jpg\",\"contentUrl\":\"https:\/\/www.kirche-langenfeld.de\/ev\/wp-content\/uploads\/2021\/10\/Esther-Kim-1024x683.jpg\"},{\"@type\":\"BreadcrumbList\",\"@id\":\"https:\/\/www.kirche-langenfeld.de\/ev\/mozarts-vesperae-solennes-de-confessore\/#breadcrumb\",\"itemListElement\":[{\"@type\":\"ListItem\",\"position\":1,\"name\":\"Startseite\",\"item\":\"https:\/\/www.kirche-langenfeld.de\/ev\/\"},{\"@type\":\"ListItem\",\"position\":2,\"name\":\"Mozarts &#8222;Vesperae solennes de Confessore&#8220;\"}]},{\"@type\":\"WebSite\",\"@id\":\"https:\/\/www.kirche-langenfeld.de\/ev\/#website\",\"url\":\"https:\/\/www.kirche-langenfeld.de\/ev\/\",\"name\":\"Evangelische Kirchengemeinde Langenfeld\",\"description\":\"Informationen rund um unsere Gemeinde\",\"publisher\":{\"@id\":\"https:\/\/www.kirche-langenfeld.de\/ev\/#organization\"},\"potentialAction\":[{\"@type\":\"SearchAction\",\"target\":{\"@type\":\"EntryPoint\",\"urlTemplate\":\"https:\/\/www.kirche-langenfeld.de\/ev\/?s={search_term_string}\"},\"query-input\":{\"@type\":\"PropertyValueSpecification\",\"valueRequired\":true,\"valueName\":\"search_term_string\"}}],\"inLanguage\":\"de\"},{\"@type\":\"Organization\",\"@id\":\"https:\/\/www.kirche-langenfeld.de\/ev\/#organization\",\"name\":\"Evangelische Kirchengemeinde Langenfeld\",\"url\":\"https:\/\/www.kirche-langenfeld.de\/ev\/\",\"logo\":{\"@type\":\"ImageObject\",\"inLanguage\":\"de\",\"@id\":\"https:\/\/www.kirche-langenfeld.de\/ev\/#\/schema\/logo\/image\/\",\"url\":\"https:\/\/www.kirche-langenfeld.de\/ev\/wp-content\/uploads\/2020\/09\/logo-ev-2020.png\",\"contentUrl\":\"https:\/\/www.kirche-langenfeld.de\/ev\/wp-content\/uploads\/2020\/09\/logo-ev-2020.png\",\"width\":276,\"height\":200,\"caption\":\"Evangelische Kirchengemeinde Langenfeld\"},\"image\":{\"@id\":\"https:\/\/www.kirche-langenfeld.de\/ev\/#\/schema\/logo\/image\/\"}},{\"@type\":\"Person\",\"@id\":\"https:\/\/www.kirche-langenfeld.de\/ev\/#\/schema\/person\/47ee4a1cc08eed94e5e1ec70370dd65b\",\"name\":\"Ulrike Sch\u00f6n\",\"url\":\"https:\/\/www.kirche-langenfeld.de\/ev\/author\/ulrike-schoen\/\"}]}<\/script>\n<!-- \/ Yoast SEO plugin. -->","yoast_head_json":{"title":"Mozarts \"Vesperae solennes de Confessore\" - Evangelische Kirchengemeinde Langenfeld","robots":{"index":"index","follow":"follow","max-snippet":"max-snippet:-1","max-image-preview":"max-image-preview:large","max-video-preview":"max-video-preview:-1"},"canonical":"https:\/\/www.kirche-langenfeld.de\/ev\/mozarts-vesperae-solennes-de-confessore\/","og_locale":"de_DE","og_type":"article","og_title":"Mozarts \"Vesperae solennes de Confessore\" - Evangelische Kirchengemeinde Langenfeld","og_description":"Der erste Satz ist fertig!","og_url":"https:\/\/www.kirche-langenfeld.de\/ev\/mozarts-vesperae-solennes-de-confessore\/","og_site_name":"Evangelische Kirchengemeinde Langenfeld","article_published_time":"2021-12-18T15:27:00+00:00","article_modified_time":"2022-10-14T13:37:13+00:00","og_image":[{"width":2560,"height":1920,"url":"https:\/\/www.kirche-langenfeld.de\/ev\/wp-content\/uploads\/2021\/10\/Videoproduktion-Mozart-2021-Erloeserkirche-scaled.jpg","type":"image\/jpeg"}],"author":"Ulrike Sch\u00f6n","twitter_card":"summary_large_image","twitter_misc":{"Verfasst von":"Ulrike Sch\u00f6n","Gesch\u00e4tzte Lesezeit":"2\u00a0Minuten"},"schema":{"@context":"https:\/\/schema.org","@graph":[{"@type":"Article","@id":"https:\/\/www.kirche-langenfeld.de\/ev\/mozarts-vesperae-solennes-de-confessore\/#article","isPartOf":{"@id":"https:\/\/www.kirche-langenfeld.de\/ev\/mozarts-vesperae-solennes-de-confessore\/"},"author":{"name":"Ulrike Sch\u00f6n","@id":"https:\/\/www.kirche-langenfeld.de\/ev\/#\/schema\/person\/47ee4a1cc08eed94e5e1ec70370dd65b"},"headline":"Mozarts &#8222;Vesperae solennes de Confessore&#8220;","datePublished":"2021-12-18T15:27:00+00:00","dateModified":"2022-10-14T13:37:13+00:00","mainEntityOfPage":{"@id":"https:\/\/www.kirche-langenfeld.de\/ev\/mozarts-vesperae-solennes-de-confessore\/"},"wordCount":319,"publisher":{"@id":"https:\/\/www.kirche-langenfeld.de\/ev\/#organization"},"image":{"@id":"https:\/\/www.kirche-langenfeld.de\/ev\/mozarts-vesperae-solennes-de-confessore\/#primaryimage"},"thumbnailUrl":"https:\/\/www.kirche-langenfeld.de\/ev\/wp-content\/uploads\/2021\/10\/Esther-Kim-1024x683.jpg","articleSection":["Kirchenmusik","Musik"],"inLanguage":"de"},{"@type":"WebPage","@id":"https:\/\/www.kirche-langenfeld.de\/ev\/mozarts-vesperae-solennes-de-confessore\/","url":"https:\/\/www.kirche-langenfeld.de\/ev\/mozarts-vesperae-solennes-de-confessore\/","name":"Mozarts \"Vesperae solennes de Confessore\" - Evangelische Kirchengemeinde Langenfeld","isPartOf":{"@id":"https:\/\/www.kirche-langenfeld.de\/ev\/#website"},"primaryImageOfPage":{"@id":"https:\/\/www.kirche-langenfeld.de\/ev\/mozarts-vesperae-solennes-de-confessore\/#primaryimage"},"image":{"@id":"https:\/\/www.kirche-langenfeld.de\/ev\/mozarts-vesperae-solennes-de-confessore\/#primaryimage"},"thumbnailUrl":"https:\/\/www.kirche-langenfeld.de\/ev\/wp-content\/uploads\/2021\/10\/Esther-Kim-1024x683.jpg","datePublished":"2021-12-18T15:27:00+00:00","dateModified":"2022-10-14T13:37:13+00:00","breadcrumb":{"@id":"https:\/\/www.kirche-langenfeld.de\/ev\/mozarts-vesperae-solennes-de-confessore\/#breadcrumb"},"inLanguage":"de","potentialAction":[{"@type":"ReadAction","target":["https:\/\/www.kirche-langenfeld.de\/ev\/mozarts-vesperae-solennes-de-confessore\/"]}]},{"@type":"ImageObject","inLanguage":"de","@id":"https:\/\/www.kirche-langenfeld.de\/ev\/mozarts-vesperae-solennes-de-confessore\/#primaryimage","url":"https:\/\/www.kirche-langenfeld.de\/ev\/wp-content\/uploads\/2021\/10\/Esther-Kim-1024x683.jpg","contentUrl":"https:\/\/www.kirche-langenfeld.de\/ev\/wp-content\/uploads\/2021\/10\/Esther-Kim-1024x683.jpg"},{"@type":"BreadcrumbList","@id":"https:\/\/www.kirche-langenfeld.de\/ev\/mozarts-vesperae-solennes-de-confessore\/#breadcrumb","itemListElement":[{"@type":"ListItem","position":1,"name":"Startseite","item":"https:\/\/www.kirche-langenfeld.de\/ev\/"},{"@type":"ListItem","position":2,"name":"Mozarts &#8222;Vesperae solennes de Confessore&#8220;"}]},{"@type":"WebSite","@id":"https:\/\/www.kirche-langenfeld.de\/ev\/#website","url":"https:\/\/www.kirche-langenfeld.de\/ev\/","name":"Evangelische Kirchengemeinde Langenfeld","description":"Informationen rund um unsere Gemeinde","publisher":{"@id":"https:\/\/www.kirche-langenfeld.de\/ev\/#organization"},"potentialAction":[{"@type":"SearchAction","target":{"@type":"EntryPoint","urlTemplate":"https:\/\/www.kirche-langenfeld.de\/ev\/?s={search_term_string}"},"query-input":{"@type":"PropertyValueSpecification","valueRequired":true,"valueName":"search_term_string"}}],"inLanguage":"de"},{"@type":"Organization","@id":"https:\/\/www.kirche-langenfeld.de\/ev\/#organization","name":"Evangelische Kirchengemeinde Langenfeld","url":"https:\/\/www.kirche-langenfeld.de\/ev\/","logo":{"@type":"ImageObject","inLanguage":"de","@id":"https:\/\/www.kirche-langenfeld.de\/ev\/#\/schema\/logo\/image\/","url":"https:\/\/www.kirche-langenfeld.de\/ev\/wp-content\/uploads\/2020\/09\/logo-ev-2020.png","contentUrl":"https:\/\/www.kirche-langenfeld.de\/ev\/wp-content\/uploads\/2020\/09\/logo-ev-2020.png","width":276,"height":200,"caption":"Evangelische Kirchengemeinde Langenfeld"},"image":{"@id":"https:\/\/www.kirche-langenfeld.de\/ev\/#\/schema\/logo\/image\/"}},{"@type":"Person","@id":"https:\/\/www.kirche-langenfeld.de\/ev\/#\/schema\/person\/47ee4a1cc08eed94e5e1ec70370dd65b","name":"Ulrike Sch\u00f6n","url":"https:\/\/www.kirche-langenfeld.de\/ev\/author\/ulrike-schoen\/"}]}},"uagb_featured_image_src":{"full":false,"thumbnail":false,"medium":false,"medium_large":false,"large":false,"1536x1536":false,"2048x2048":false,"ocean-thumb-m":false,"ocean-thumb-ml":false,"ocean-thumb-l":false},"uagb_author_info":{"display_name":"Ulrike Sch\u00f6n","author_link":"https:\/\/www.kirche-langenfeld.de\/ev\/author\/ulrike-schoen\/"},"uagb_comment_info":0,"uagb_excerpt":"Der erste Satz ist fertig!","_links":{"self":[{"href":"https:\/\/www.kirche-langenfeld.de\/ev\/wp-json\/wp\/v2\/posts\/5524","targetHints":{"allow":["GET"]}}],"collection":[{"href":"https:\/\/www.kirche-langenfeld.de\/ev\/wp-json\/wp\/v2\/posts"}],"about":[{"href":"https:\/\/www.kirche-langenfeld.de\/ev\/wp-json\/wp\/v2\/types\/post"}],"author":[{"embeddable":true,"href":"https:\/\/www.kirche-langenfeld.de\/ev\/wp-json\/wp\/v2\/users\/9"}],"replies":[{"embeddable":true,"href":"https:\/\/www.kirche-langenfeld.de\/ev\/wp-json\/wp\/v2\/comments?post=5524"}],"version-history":[{"count":11,"href":"https:\/\/www.kirche-langenfeld.de\/ev\/wp-json\/wp\/v2\/posts\/5524\/revisions"}],"predecessor-version":[{"id":6256,"href":"https:\/\/www.kirche-langenfeld.de\/ev\/wp-json\/wp\/v2\/posts\/5524\/revisions\/6256"}],"wp:attachment":[{"href":"https:\/\/www.kirche-langenfeld.de\/ev\/wp-json\/wp\/v2\/media?parent=5524"}],"wp:term":[{"taxonomy":"category","embeddable":true,"href":"https:\/\/www.kirche-langenfeld.de\/ev\/wp-json\/wp\/v2\/categories?post=5524"},{"taxonomy":"post_tag","embeddable":true,"href":"https:\/\/www.kirche-langenfeld.de\/ev\/wp-json\/wp\/v2\/tags?post=5524"}],"curies":[{"name":"wp","href":"https:\/\/api.w.org\/{rel}","templated":true}]}}