{"id":15930,"date":"2026-03-07T16:27:29","date_gmt":"2026-03-07T15:27:29","guid":{"rendered":"https:\/\/www.kirche-langenfeld.de\/ev\/?p=15930"},"modified":"2026-03-23T12:30:17","modified_gmt":"2026-03-23T11:30:17","slug":"rueckblick-musik-und-kulinarik-am-6-3-2026","status":"publish","type":"post","link":"https:\/\/www.kirche-langenfeld.de\/ev\/rueckblick-musik-und-kulinarik-am-6-3-2026\/","title":{"rendered":"R\u00fcckblick: Musik und Kulinarik am 6.3.2026"},"content":{"rendered":"\n<p><strong>Musik, Geschichten und Genuss: Auf Zeitreise in der Lukaskirche<\/strong><\/p>\n\n\n\n<p>Ein Abend f\u00fcr alle Sinne erwartete die G\u00e4ste am vergangenen Freitag in der Lukaskirche: Die Evangelische Kirchengemeinde Langenfeld hatte zur zweiten Auflage von&nbsp;<strong>\u201eMusik und Kulinarik\u201c<\/strong>&nbsp;eingeladen \u2013 diesmal unter dem Motto&nbsp;<strong>\u201eEine Reise durch die Zeit\u201c<\/strong>. Die Tickets f\u00fcr die Veranstaltung waren bereits kurz nach der Ank\u00fcndigung ausverkauft. Zahlreiche Besucherinnen und Besucher erlebten ein besonderes Zusammenspiel von Musik, Literatur und mehrg\u00e4ngigem Men\u00fc.<\/p>\n\n\n\n<p>Schon beim Betreten der Kirche wurde deutlich, dass dieser Abend anders verlaufen w\u00fcrde als ein gew\u00f6hnliches Konzert. Wo sonst Kirchenb\u00e4nke stehen, waren Tische gedeckt, und der Raum verwandelte sich in eine stimmungsvolle Tafel. Zwischen den G\u00e4ngen eines sorgf\u00e4ltig vorbereiteten Men\u00fcs f\u00fchrte&nbsp;<strong>Natalie H\u00fcskens<\/strong>&nbsp;mit literarischen Texten und unterhaltsamen Moderationen durch mehrere Jahrhunderte Musik- und Kulturgeschichte.<\/p>\n\n\n\n<figure class=\"wp-block-image size-large\"><img loading=\"lazy\" decoding=\"async\" width=\"1024\" height=\"423\" src=\"https:\/\/www.kirche-langenfeld.de\/ev\/wp-content\/uploads\/2026\/03\/Perfekte-Moderation-von-Natalie-Hueskens-1024x423.jpg\" alt=\"Natalie H\u00fcskens moderiert bei der Veranstaltung &quot;Musik und Kulinarik&quot; \" class=\"wp-image-15940\" srcset=\"https:\/\/www.kirche-langenfeld.de\/ev\/wp-content\/uploads\/2026\/03\/Perfekte-Moderation-von-Natalie-Hueskens-1024x423.jpg 1024w, https:\/\/www.kirche-langenfeld.de\/ev\/wp-content\/uploads\/2026\/03\/Perfekte-Moderation-von-Natalie-Hueskens-300x124.jpg 300w, https:\/\/www.kirche-langenfeld.de\/ev\/wp-content\/uploads\/2026\/03\/Perfekte-Moderation-von-Natalie-Hueskens-768x317.jpg 768w, https:\/\/www.kirche-langenfeld.de\/ev\/wp-content\/uploads\/2026\/03\/Perfekte-Moderation-von-Natalie-Hueskens-1536x634.jpg 1536w, https:\/\/www.kirche-langenfeld.de\/ev\/wp-content\/uploads\/2026\/03\/Perfekte-Moderation-von-Natalie-Hueskens.jpg 1548w\" sizes=\"auto, (max-width: 1024px) 100vw, 1024px\" \/><figcaption class=\"wp-element-caption\">Perfekte Moderation durch Natalie H\u00fcskens <\/figcaption><\/figure>\n\n\n\n<p>Den musikalischen Rahmen gestalteten&nbsp;<strong>Karin Leister (Violine)<\/strong>,&nbsp;<strong>Monika Sch\u00e4fer (Fl\u00f6ten)<\/strong>,&nbsp;<strong>Anne Habermann (Cello)<\/strong>und&nbsp;<strong>Kantorin Ulrike Sch\u00f6n (Orgel)<\/strong>. Das Programm spannte einen Bogen von der Barockzeit bis in die Sp\u00e4tromantik. Mit Jean-Philippe Rameaus lebhaftem&nbsp;<em>Tambourin en Rondeau<\/em>&nbsp;begann die Reise schwungvoll, gefolgt von virtuosen und t\u00e4nzerischen Kl\u00e4ngen wie Marco Uccelinis&nbsp;<em>Aria sopra la Bergamasca<\/em>. Auch Werke von Georg Philipp Telemann, Carl Philipp Emanuel Bach und Carl Stamitz brachten unterschiedliche musikalische Epochen zum Klingen, bevor Vittorio Montis temperamentvoller&nbsp;<em>Cs\u00e1rd\u00e1s<\/em>&nbsp;und Fritz Kreislers charmanter&nbsp;<em>Marche miniature<\/em>&nbsp;den Abend beschwingt abrundeten.<\/p>\n\n\n\n<figure class=\"wp-block-image size-large\"><img loading=\"lazy\" decoding=\"async\" width=\"1024\" height=\"988\" src=\"https:\/\/www.kirche-langenfeld.de\/ev\/wp-content\/uploads\/2026\/03\/Die-Musikerinnen-1024x988.jpeg\" alt=\"\" class=\"wp-image-15934\" srcset=\"https:\/\/www.kirche-langenfeld.de\/ev\/wp-content\/uploads\/2026\/03\/Die-Musikerinnen-1024x988.jpeg 1024w, https:\/\/www.kirche-langenfeld.de\/ev\/wp-content\/uploads\/2026\/03\/Die-Musikerinnen-300x289.jpeg 300w, https:\/\/www.kirche-langenfeld.de\/ev\/wp-content\/uploads\/2026\/03\/Die-Musikerinnen-768x741.jpeg 768w, https:\/\/www.kirche-langenfeld.de\/ev\/wp-content\/uploads\/2026\/03\/Die-Musikerinnen-1536x1481.jpeg 1536w, https:\/\/www.kirche-langenfeld.de\/ev\/wp-content\/uploads\/2026\/03\/Die-Musikerinnen-2048x1975.jpeg 2048w\" sizes=\"auto, (max-width: 1024px) 100vw, 1024px\" \/><figcaption class=\"wp-element-caption\">v.l.n.r.: Karin Leister, Anne Habermann, Ulrike Sch\u00f6n, Monika Sch\u00e4fer<\/figcaption><\/figure>\n\n\n\n<p>Passend zu den musikalischen Stationen wurden die einzelnen G\u00e4nge serviert. Den Auftakt bildete ein mittelalterlich inspirierter Gru\u00df aus der K\u00fcche mit Oliven, K\u00e4se, Fladenbrot und Datteldip. Es folgten eine vegetarische Pastete&nbsp;<em>Pat\u00e9 en cro\u00fbte<\/em>, ein Zwischengang mit H\u00fchnerfrikassee sowie als Hauptgang Rinderbraten mit Salzkartoffeln und Gem\u00fcse. Den s\u00fc\u00dfen Abschluss bildete eine Mousse au Chocolat.<\/p>\n\n\n\n<p>Vorbereitet und serviert wurden die Speisen von einem engagierten K\u00fcchenteam der Gemeinde, das mit viel Einsatz und Liebe zum Detail f\u00fcr einen reibungslosen Ablauf sorgte. Zwischen Musik, Texten und kulinarischen Gen\u00fcssen entwickelte sich eine entspannte, gesellige Atmosph\u00e4re, die viele G\u00e4ste noch lange am Tisch verweilen lie\u00df.<\/p>\n\n\n\n<p>Mit einem kleinen s\u00fc\u00dfen Abschiedsgeschenk und lang anhaltendem Applaus endete schlie\u00dflich ein Abend, der eindrucksvoll zeigte, wie Musik, Geschichten und gemeinsames Essen Menschen zusammenbringen k\u00f6nnen.<\/p>\n\n\n\n<figure class=\"wp-block-gallery has-nested-images columns-default is-cropped wp-block-gallery-1 is-layout-flex wp-block-gallery-is-layout-flex\">\n<figure class=\"wp-block-image size-large\"><img loading=\"lazy\" decoding=\"async\" width=\"768\" height=\"1024\" data-id=\"15942\" src=\"https:\/\/www.kirche-langenfeld.de\/ev\/wp-content\/uploads\/2026\/03\/Sekt-zur-Begruessung-768x1024.jpeg\" alt=\"\" class=\"wp-image-15942\" srcset=\"https:\/\/www.kirche-langenfeld.de\/ev\/wp-content\/uploads\/2026\/03\/Sekt-zur-Begruessung-768x1024.jpeg 768w, https:\/\/www.kirche-langenfeld.de\/ev\/wp-content\/uploads\/2026\/03\/Sekt-zur-Begruessung-225x300.jpeg 225w, https:\/\/www.kirche-langenfeld.de\/ev\/wp-content\/uploads\/2026\/03\/Sekt-zur-Begruessung-scaled.jpeg 1920w\" sizes=\"auto, (max-width: 768px) 100vw, 768px\" \/><figcaption class=\"wp-element-caption\">Zur Begr\u00fc\u00dfung gab es Sekt<\/figcaption><\/figure>\n\n\n\n<figure class=\"wp-block-image size-large\"><img loading=\"lazy\" decoding=\"async\" width=\"1024\" height=\"566\" data-id=\"15935\" src=\"https:\/\/www.kirche-langenfeld.de\/ev\/wp-content\/uploads\/2026\/03\/Gruss-aus-der-Kueche-1024x566.jpg\" alt=\"\" class=\"wp-image-15935\" srcset=\"https:\/\/www.kirche-langenfeld.de\/ev\/wp-content\/uploads\/2026\/03\/Gruss-aus-der-Kueche-1024x566.jpg 1024w, https:\/\/www.kirche-langenfeld.de\/ev\/wp-content\/uploads\/2026\/03\/Gruss-aus-der-Kueche-300x166.jpg 300w, https:\/\/www.kirche-langenfeld.de\/ev\/wp-content\/uploads\/2026\/03\/Gruss-aus-der-Kueche-768x424.jpg 768w, https:\/\/www.kirche-langenfeld.de\/ev\/wp-content\/uploads\/2026\/03\/Gruss-aus-der-Kueche.jpg 1352w\" sizes=\"auto, (max-width: 1024px) 100vw, 1024px\" \/><figcaption class=\"wp-element-caption\">Gru\u00df aus der K\u00fcche<\/figcaption><\/figure>\n\n\n\n<figure class=\"wp-block-image size-large\"><img loading=\"lazy\" decoding=\"async\" width=\"768\" height=\"1024\" data-id=\"15939\" src=\"https:\/\/www.kirche-langenfeld.de\/ev\/wp-content\/uploads\/2026\/03\/Pate-en-croute-768x1024.jpg\" alt=\"\" class=\"wp-image-15939\" srcset=\"https:\/\/www.kirche-langenfeld.de\/ev\/wp-content\/uploads\/2026\/03\/Pate-en-croute-768x1024.jpg 768w, https:\/\/www.kirche-langenfeld.de\/ev\/wp-content\/uploads\/2026\/03\/Pate-en-croute-225x300.jpg 225w, https:\/\/www.kirche-langenfeld.de\/ev\/wp-content\/uploads\/2026\/03\/Pate-en-croute-1152x1536.jpg 1152w, https:\/\/www.kirche-langenfeld.de\/ev\/wp-content\/uploads\/2026\/03\/Pate-en-croute.jpg 1200w\" sizes=\"auto, (max-width: 768px) 100vw, 768px\" \/><figcaption class=\"wp-element-caption\">P\u00e2t\u00e9 en croute<\/figcaption><\/figure>\n\n\n\n<figure class=\"wp-block-image size-large\"><img loading=\"lazy\" decoding=\"async\" width=\"768\" height=\"1024\" data-id=\"15932\" src=\"https:\/\/www.kirche-langenfeld.de\/ev\/wp-content\/uploads\/2026\/03\/Blaetterteigherzen-768x1024.jpeg\" alt=\"\" class=\"wp-image-15932\" srcset=\"https:\/\/www.kirche-langenfeld.de\/ev\/wp-content\/uploads\/2026\/03\/Blaetterteigherzen-768x1024.jpeg 768w, https:\/\/www.kirche-langenfeld.de\/ev\/wp-content\/uploads\/2026\/03\/Blaetterteigherzen-225x300.jpeg 225w, https:\/\/www.kirche-langenfeld.de\/ev\/wp-content\/uploads\/2026\/03\/Blaetterteigherzen-scaled.jpeg 1920w\" sizes=\"auto, (max-width: 768px) 100vw, 768px\" \/><figcaption class=\"wp-element-caption\">Bl\u00e4tterteigherzen <\/figcaption><\/figure>\n\n\n\n<figure class=\"wp-block-image size-large\"><img loading=\"lazy\" decoding=\"async\" width=\"478\" height=\"1024\" data-id=\"15936\" src=\"https:\/\/www.kirche-langenfeld.de\/ev\/wp-content\/uploads\/2026\/03\/Kartoffeln-und-Gemuese-478x1024.jpg\" alt=\"\" class=\"wp-image-15936\" srcset=\"https:\/\/www.kirche-langenfeld.de\/ev\/wp-content\/uploads\/2026\/03\/Kartoffeln-und-Gemuese-478x1024.jpg 478w, https:\/\/www.kirche-langenfeld.de\/ev\/wp-content\/uploads\/2026\/03\/Kartoffeln-und-Gemuese-140x300.jpg 140w, https:\/\/www.kirche-langenfeld.de\/ev\/wp-content\/uploads\/2026\/03\/Kartoffeln-und-Gemuese-717x1536.jpg 717w, https:\/\/www.kirche-langenfeld.de\/ev\/wp-content\/uploads\/2026\/03\/Kartoffeln-und-Gemuese.jpg 747w\" sizes=\"auto, (max-width: 478px) 100vw, 478px\" \/><figcaption class=\"wp-element-caption\">Kartoffeln und Gem\u00fcse<\/figcaption><\/figure>\n\n\n\n<figure class=\"wp-block-image size-large\"><img loading=\"lazy\" decoding=\"async\" width=\"661\" height=\"1024\" data-id=\"15933\" src=\"https:\/\/www.kirche-langenfeld.de\/ev\/wp-content\/uploads\/2026\/03\/Der-Hauptgang-wird-serviert-661x1024.jpg\" alt=\"\" class=\"wp-image-15933\" srcset=\"https:\/\/www.kirche-langenfeld.de\/ev\/wp-content\/uploads\/2026\/03\/Der-Hauptgang-wird-serviert-661x1024.jpg 661w, https:\/\/www.kirche-langenfeld.de\/ev\/wp-content\/uploads\/2026\/03\/Der-Hauptgang-wird-serviert-194x300.jpg 194w, https:\/\/www.kirche-langenfeld.de\/ev\/wp-content\/uploads\/2026\/03\/Der-Hauptgang-wird-serviert.jpg 747w\" sizes=\"auto, (max-width: 661px) 100vw, 661px\" \/><figcaption class=\"wp-element-caption\">Der Hauptgang wird serviert <\/figcaption><\/figure>\n\n\n\n<figure class=\"wp-block-image size-large\"><img loading=\"lazy\" decoding=\"async\" width=\"639\" height=\"1024\" data-id=\"15938\" src=\"https:\/\/www.kirche-langenfeld.de\/ev\/wp-content\/uploads\/2026\/03\/Nachtisch-639x1024.jpg\" alt=\"\" class=\"wp-image-15938\" srcset=\"https:\/\/www.kirche-langenfeld.de\/ev\/wp-content\/uploads\/2026\/03\/Nachtisch-639x1024.jpg 639w, https:\/\/www.kirche-langenfeld.de\/ev\/wp-content\/uploads\/2026\/03\/Nachtisch-187x300.jpg 187w, https:\/\/www.kirche-langenfeld.de\/ev\/wp-content\/uploads\/2026\/03\/Nachtisch.jpg 747w\" sizes=\"auto, (max-width: 639px) 100vw, 639px\" \/><figcaption class=\"wp-element-caption\">Nachtisch wird vorbereitet<\/figcaption><\/figure>\n\n\n\n<figure class=\"wp-block-image size-large\"><img loading=\"lazy\" decoding=\"async\" width=\"768\" height=\"1024\" data-id=\"15937\" src=\"https:\/\/www.kirche-langenfeld.de\/ev\/wp-content\/uploads\/2026\/03\/Nachtisch-2-768x1024.jpg\" alt=\"\" class=\"wp-image-15937\" srcset=\"https:\/\/www.kirche-langenfeld.de\/ev\/wp-content\/uploads\/2026\/03\/Nachtisch-2-768x1024.jpg 768w, https:\/\/www.kirche-langenfeld.de\/ev\/wp-content\/uploads\/2026\/03\/Nachtisch-2-225x300.jpg 225w, https:\/\/www.kirche-langenfeld.de\/ev\/wp-content\/uploads\/2026\/03\/Nachtisch-2-1152x1536.jpg 1152w, https:\/\/www.kirche-langenfeld.de\/ev\/wp-content\/uploads\/2026\/03\/Nachtisch-2.jpg 1200w\" sizes=\"auto, (max-width: 768px) 100vw, 768px\" \/><figcaption class=\"wp-element-caption\">S\u00fc\u00dfer Abschluss<\/figcaption><\/figure>\n\n\n\n<figure class=\"wp-block-image size-large\"><img loading=\"lazy\" decoding=\"async\" width=\"1024\" height=\"768\" data-id=\"15943\" src=\"https:\/\/www.kirche-langenfeld.de\/ev\/wp-content\/uploads\/2026\/03\/Tischkarte-1024x768.jpg\" alt=\"Bildergalerie zu Musik und Kulinarik\" class=\"wp-image-15943\" srcset=\"https:\/\/www.kirche-langenfeld.de\/ev\/wp-content\/uploads\/2026\/03\/Tischkarte-1024x768.jpg 1024w, https:\/\/www.kirche-langenfeld.de\/ev\/wp-content\/uploads\/2026\/03\/Tischkarte-300x225.jpg 300w, https:\/\/www.kirche-langenfeld.de\/ev\/wp-content\/uploads\/2026\/03\/Tischkarte-768x576.jpg 768w, https:\/\/www.kirche-langenfeld.de\/ev\/wp-content\/uploads\/2026\/03\/Tischkarte-1536x1152.jpg 1536w, https:\/\/www.kirche-langenfeld.de\/ev\/wp-content\/uploads\/2026\/03\/Tischkarte.jpg 2048w\" sizes=\"auto, (max-width: 1024px) 100vw, 1024px\" \/><figcaption class=\"wp-element-caption\">Tischkarten <\/figcaption><\/figure>\n\n\n\n<figure class=\"wp-block-image size-large\"><img loading=\"lazy\" decoding=\"async\" width=\"576\" height=\"1024\" data-id=\"15946\" src=\"https:\/\/www.kirche-langenfeld.de\/ev\/wp-content\/uploads\/2026\/03\/Die-Kirche-wird-zum-Restaurant-576x1024.jpg\" alt=\"\" class=\"wp-image-15946\" srcset=\"https:\/\/www.kirche-langenfeld.de\/ev\/wp-content\/uploads\/2026\/03\/Die-Kirche-wird-zum-Restaurant-576x1024.jpg 576w, https:\/\/www.kirche-langenfeld.de\/ev\/wp-content\/uploads\/2026\/03\/Die-Kirche-wird-zum-Restaurant-169x300.jpg 169w, https:\/\/www.kirche-langenfeld.de\/ev\/wp-content\/uploads\/2026\/03\/Die-Kirche-wird-zum-Restaurant-768x1365.jpg 768w, https:\/\/www.kirche-langenfeld.de\/ev\/wp-content\/uploads\/2026\/03\/Die-Kirche-wird-zum-Restaurant-864x1536.jpg 864w, https:\/\/www.kirche-langenfeld.de\/ev\/wp-content\/uploads\/2026\/03\/Die-Kirche-wird-zum-Restaurant.jpg 900w\" sizes=\"auto, (max-width: 576px) 100vw, 576px\" \/><figcaption class=\"wp-element-caption\">Die Kirche wird zum Restaurant<\/figcaption><\/figure>\n\n\n\n<figure class=\"wp-block-image size-large\"><img loading=\"lazy\" decoding=\"async\" width=\"576\" height=\"1024\" data-id=\"15945\" src=\"https:\/\/www.kirche-langenfeld.de\/ev\/wp-content\/uploads\/2026\/03\/Musik-und-Kulinarik-2026-576x1024.jpg\" alt=\"\" class=\"wp-image-15945\" srcset=\"https:\/\/www.kirche-langenfeld.de\/ev\/wp-content\/uploads\/2026\/03\/Musik-und-Kulinarik-2026-576x1024.jpg 576w, https:\/\/www.kirche-langenfeld.de\/ev\/wp-content\/uploads\/2026\/03\/Musik-und-Kulinarik-2026-169x300.jpg 169w, https:\/\/www.kirche-langenfeld.de\/ev\/wp-content\/uploads\/2026\/03\/Musik-und-Kulinarik-2026-768x1365.jpg 768w, https:\/\/www.kirche-langenfeld.de\/ev\/wp-content\/uploads\/2026\/03\/Musik-und-Kulinarik-2026-864x1536.jpg 864w, https:\/\/www.kirche-langenfeld.de\/ev\/wp-content\/uploads\/2026\/03\/Musik-und-Kulinarik-2026.jpg 900w\" sizes=\"auto, (max-width: 576px) 100vw, 576px\" \/><figcaption class=\"wp-element-caption\">Tischdeko <\/figcaption><\/figure>\n<\/figure>\n","protected":false},"excerpt":{"rendered":"<p>Ein Abend f\u00fcr alle Sinne  in der Lukaskirche bei der Neuauflage von\u00a0\u201eMusik und Kulinarik\u201c\u00a0 \u2013 diesmal unter dem Motto\u00a0\u201eEine Reise durch die Zeit\u201c. <\/p>\n","protected":false},"author":9,"featured_media":15946,"comment_status":"closed","ping_status":"closed","sticky":false,"template":"","format":"standard","meta":{"_uag_custom_page_level_css":"","pgc_sgb_lightbox_settings":"","ocean_post_layout":"","ocean_both_sidebars_style":"","ocean_both_sidebars_content_width":0,"ocean_both_sidebars_sidebars_width":0,"ocean_sidebar":"","ocean_second_sidebar":"","ocean_disable_margins":"enable","ocean_add_body_class":"","ocean_shortcode_before_top_bar":"","ocean_shortcode_after_top_bar":"","ocean_shortcode_before_header":"","ocean_shortcode_after_header":"","ocean_has_shortcode":"","ocean_shortcode_after_title":"","ocean_shortcode_before_footer_widgets":"","ocean_shortcode_after_footer_widgets":"","ocean_shortcode_before_footer_bottom":"","ocean_shortcode_after_footer_bottom":"","ocean_display_top_bar":"default","ocean_display_header":"default","ocean_header_style":"","ocean_center_header_left_menu":"","ocean_custom_header_template":"","ocean_custom_logo":0,"ocean_custom_retina_logo":0,"ocean_custom_logo_max_width":0,"ocean_custom_logo_tablet_max_width":0,"ocean_custom_logo_mobile_max_width":0,"ocean_custom_logo_max_height":0,"ocean_custom_logo_tablet_max_height":0,"ocean_custom_logo_mobile_max_height":0,"ocean_header_custom_menu":"","ocean_menu_typo_font_family":"","ocean_menu_typo_font_subset":"","ocean_menu_typo_font_size":0,"ocean_menu_typo_font_size_tablet":0,"ocean_menu_typo_font_size_mobile":0,"ocean_menu_typo_font_size_unit":"px","ocean_menu_typo_font_weight":"","ocean_menu_typo_font_weight_tablet":"","ocean_menu_typo_font_weight_mobile":"","ocean_menu_typo_transform":"","ocean_menu_typo_transform_tablet":"","ocean_menu_typo_transform_mobile":"","ocean_menu_typo_line_height":0,"ocean_menu_typo_line_height_tablet":0,"ocean_menu_typo_line_height_mobile":0,"ocean_menu_typo_line_height_unit":"","ocean_menu_typo_spacing":0,"ocean_menu_typo_spacing_tablet":0,"ocean_menu_typo_spacing_mobile":0,"ocean_menu_typo_spacing_unit":"","ocean_menu_link_color":"","ocean_menu_link_color_hover":"","ocean_menu_link_color_active":"","ocean_menu_link_background":"","ocean_menu_link_hover_background":"","ocean_menu_link_active_background":"","ocean_menu_social_links_bg":"","ocean_menu_social_hover_links_bg":"","ocean_menu_social_links_color":"","ocean_menu_social_hover_links_color":"","ocean_disable_title":"default","ocean_disable_heading":"default","ocean_post_title":"","ocean_post_subheading":"","ocean_post_title_style":"","ocean_post_title_background_color":"","ocean_post_title_background":0,"ocean_post_title_bg_image_position":"","ocean_post_title_bg_image_attachment":"","ocean_post_title_bg_image_repeat":"","ocean_post_title_bg_image_size":"","ocean_post_title_height":0,"ocean_post_title_bg_overlay":0.5,"ocean_post_title_bg_overlay_color":"","ocean_disable_breadcrumbs":"default","ocean_breadcrumbs_color":"","ocean_breadcrumbs_separator_color":"","ocean_breadcrumbs_links_color":"","ocean_breadcrumbs_links_hover_color":"","ocean_display_footer_widgets":"default","ocean_display_footer_bottom":"default","ocean_custom_footer_template":"","ocean_post_oembed":"","ocean_post_self_hosted_media":"","ocean_post_video_embed":"","ocean_link_format":"","ocean_link_format_target":"self","ocean_quote_format":"","ocean_quote_format_link":"post","ocean_gallery_link_images":"on","ocean_gallery_id":[],"footnotes":""},"categories":[83],"tags":[],"class_list":["post-15930","post","type-post","status-publish","format-standard","has-post-thumbnail","hentry","category-rueckblick","entry","has-media"],"featured_image_src":"https:\/\/www.kirche-langenfeld.de\/ev\/wp-content\/uploads\/2026\/03\/Die-Kirche-wird-zum-Restaurant.jpg","author_info":{"display_name":"Ulrike Sch\u00f6n","author_link":"https:\/\/www.kirche-langenfeld.de\/ev\/author\/ulrike-schoen\/"},"yoast_head":"<!-- This site is optimized with the Yoast SEO plugin v27.0 - https:\/\/yoast.com\/product\/yoast-seo-wordpress\/ -->\n<title>R\u00fcckblick: Musik und Kulinarik am 6.3.2026 - Evangelische Kirchengemeinde Langenfeld<\/title>\n<meta name=\"description\" content=\"Die Kirche wird zum Restaurant\" \/>\n<meta name=\"robots\" content=\"index, follow, max-snippet:-1, max-image-preview:large, max-video-preview:-1\" \/>\n<link rel=\"canonical\" href=\"https:\/\/www.kirche-langenfeld.de\/ev\/rueckblick-musik-und-kulinarik-am-6-3-2026\/\" \/>\n<meta property=\"og:locale\" content=\"de_DE\" \/>\n<meta property=\"og:type\" content=\"article\" \/>\n<meta property=\"og:title\" content=\"R\u00fcckblick: Musik und Kulinarik am 6.3.2026 - Evangelische Kirchengemeinde Langenfeld\" \/>\n<meta property=\"og:description\" content=\"Die Kirche wird zum Restaurant\" \/>\n<meta property=\"og:url\" content=\"https:\/\/www.kirche-langenfeld.de\/ev\/rueckblick-musik-und-kulinarik-am-6-3-2026\/\" \/>\n<meta property=\"og:site_name\" content=\"Evangelische Kirchengemeinde Langenfeld\" \/>\n<meta property=\"article:published_time\" content=\"2026-03-07T15:27:29+00:00\" \/>\n<meta property=\"article:modified_time\" content=\"2026-03-23T11:30:17+00:00\" \/>\n<meta property=\"og:image\" content=\"https:\/\/www.kirche-langenfeld.de\/ev\/wp-content\/uploads\/2026\/03\/Die-Kirche-wird-zum-Restaurant.jpg\" \/>\n\t<meta property=\"og:image:width\" content=\"900\" \/>\n\t<meta property=\"og:image:height\" content=\"1600\" \/>\n\t<meta property=\"og:image:type\" content=\"image\/jpeg\" \/>\n<meta name=\"author\" content=\"Ulrike Sch\u00f6n\" \/>\n<meta name=\"twitter:card\" content=\"summary_large_image\" \/>\n<meta name=\"twitter:label1\" content=\"Verfasst von\" \/>\n\t<meta name=\"twitter:data1\" content=\"Ulrike Sch\u00f6n\" \/>\n\t<meta name=\"twitter:label2\" content=\"Gesch\u00e4tzte Lesezeit\" \/>\n\t<meta name=\"twitter:data2\" content=\"5\u00a0Minuten\" \/>\n<script type=\"application\/ld+json\" class=\"yoast-schema-graph\">{\"@context\":\"https:\/\/schema.org\",\"@graph\":[{\"@type\":\"Article\",\"@id\":\"https:\/\/www.kirche-langenfeld.de\/ev\/rueckblick-musik-und-kulinarik-am-6-3-2026\/#article\",\"isPartOf\":{\"@id\":\"https:\/\/www.kirche-langenfeld.de\/ev\/rueckblick-musik-und-kulinarik-am-6-3-2026\/\"},\"author\":{\"name\":\"Ulrike Sch\u00f6n\",\"@id\":\"https:\/\/www.kirche-langenfeld.de\/ev\/#\/schema\/person\/47ee4a1cc08eed94e5e1ec70370dd65b\"},\"headline\":\"R\u00fcckblick: Musik und Kulinarik am 6.3.2026\",\"datePublished\":\"2026-03-07T15:27:29+00:00\",\"dateModified\":\"2026-03-23T11:30:17+00:00\",\"mainEntityOfPage\":{\"@id\":\"https:\/\/www.kirche-langenfeld.de\/ev\/rueckblick-musik-und-kulinarik-am-6-3-2026\/\"},\"wordCount\":456,\"publisher\":{\"@id\":\"https:\/\/www.kirche-langenfeld.de\/ev\/#organization\"},\"image\":{\"@id\":\"https:\/\/www.kirche-langenfeld.de\/ev\/rueckblick-musik-und-kulinarik-am-6-3-2026\/#primaryimage\"},\"thumbnailUrl\":\"https:\/\/www.kirche-langenfeld.de\/ev\/wp-content\/uploads\/2026\/03\/Die-Kirche-wird-zum-Restaurant.jpg\",\"articleSection\":[\"R\u00fcckblick\"],\"inLanguage\":\"de\"},{\"@type\":\"WebPage\",\"@id\":\"https:\/\/www.kirche-langenfeld.de\/ev\/rueckblick-musik-und-kulinarik-am-6-3-2026\/\",\"url\":\"https:\/\/www.kirche-langenfeld.de\/ev\/rueckblick-musik-und-kulinarik-am-6-3-2026\/\",\"name\":\"R\u00fcckblick: Musik und Kulinarik am 6.3.2026 - Evangelische Kirchengemeinde Langenfeld\",\"isPartOf\":{\"@id\":\"https:\/\/www.kirche-langenfeld.de\/ev\/#website\"},\"primaryImageOfPage\":{\"@id\":\"https:\/\/www.kirche-langenfeld.de\/ev\/rueckblick-musik-und-kulinarik-am-6-3-2026\/#primaryimage\"},\"image\":{\"@id\":\"https:\/\/www.kirche-langenfeld.de\/ev\/rueckblick-musik-und-kulinarik-am-6-3-2026\/#primaryimage\"},\"thumbnailUrl\":\"https:\/\/www.kirche-langenfeld.de\/ev\/wp-content\/uploads\/2026\/03\/Die-Kirche-wird-zum-Restaurant.jpg\",\"datePublished\":\"2026-03-07T15:27:29+00:00\",\"dateModified\":\"2026-03-23T11:30:17+00:00\",\"description\":\"Die Kirche wird zum Restaurant\",\"breadcrumb\":{\"@id\":\"https:\/\/www.kirche-langenfeld.de\/ev\/rueckblick-musik-und-kulinarik-am-6-3-2026\/#breadcrumb\"},\"inLanguage\":\"de\",\"potentialAction\":[{\"@type\":\"ReadAction\",\"target\":[\"https:\/\/www.kirche-langenfeld.de\/ev\/rueckblick-musik-und-kulinarik-am-6-3-2026\/\"]}]},{\"@type\":\"ImageObject\",\"inLanguage\":\"de\",\"@id\":\"https:\/\/www.kirche-langenfeld.de\/ev\/rueckblick-musik-und-kulinarik-am-6-3-2026\/#primaryimage\",\"url\":\"https:\/\/www.kirche-langenfeld.de\/ev\/wp-content\/uploads\/2026\/03\/Die-Kirche-wird-zum-Restaurant.jpg\",\"contentUrl\":\"https:\/\/www.kirche-langenfeld.de\/ev\/wp-content\/uploads\/2026\/03\/Die-Kirche-wird-zum-Restaurant.jpg\",\"width\":900,\"height\":1600,\"caption\":\"Die Kirche wird zum Restaurant\"},{\"@type\":\"BreadcrumbList\",\"@id\":\"https:\/\/www.kirche-langenfeld.de\/ev\/rueckblick-musik-und-kulinarik-am-6-3-2026\/#breadcrumb\",\"itemListElement\":[{\"@type\":\"ListItem\",\"position\":1,\"name\":\"Startseite\",\"item\":\"https:\/\/www.kirche-langenfeld.de\/ev\/\"},{\"@type\":\"ListItem\",\"position\":2,\"name\":\"R\u00fcckblick: Musik und Kulinarik am 6.3.2026\"}]},{\"@type\":\"WebSite\",\"@id\":\"https:\/\/www.kirche-langenfeld.de\/ev\/#website\",\"url\":\"https:\/\/www.kirche-langenfeld.de\/ev\/\",\"name\":\"Evangelische Kirchengemeinde Langenfeld\",\"description\":\"Informationen rund um unsere Gemeinde\",\"publisher\":{\"@id\":\"https:\/\/www.kirche-langenfeld.de\/ev\/#organization\"},\"potentialAction\":[{\"@type\":\"SearchAction\",\"target\":{\"@type\":\"EntryPoint\",\"urlTemplate\":\"https:\/\/www.kirche-langenfeld.de\/ev\/?s={search_term_string}\"},\"query-input\":{\"@type\":\"PropertyValueSpecification\",\"valueRequired\":true,\"valueName\":\"search_term_string\"}}],\"inLanguage\":\"de\"},{\"@type\":\"Organization\",\"@id\":\"https:\/\/www.kirche-langenfeld.de\/ev\/#organization\",\"name\":\"Evangelische Kirchengemeinde Langenfeld\",\"url\":\"https:\/\/www.kirche-langenfeld.de\/ev\/\",\"logo\":{\"@type\":\"ImageObject\",\"inLanguage\":\"de\",\"@id\":\"https:\/\/www.kirche-langenfeld.de\/ev\/#\/schema\/logo\/image\/\",\"url\":\"https:\/\/www.kirche-langenfeld.de\/ev\/wp-content\/uploads\/2020\/09\/logo-ev-2020.png\",\"contentUrl\":\"https:\/\/www.kirche-langenfeld.de\/ev\/wp-content\/uploads\/2020\/09\/logo-ev-2020.png\",\"width\":276,\"height\":200,\"caption\":\"Evangelische Kirchengemeinde Langenfeld\"},\"image\":{\"@id\":\"https:\/\/www.kirche-langenfeld.de\/ev\/#\/schema\/logo\/image\/\"}},{\"@type\":\"Person\",\"@id\":\"https:\/\/www.kirche-langenfeld.de\/ev\/#\/schema\/person\/47ee4a1cc08eed94e5e1ec70370dd65b\",\"name\":\"Ulrike Sch\u00f6n\",\"url\":\"https:\/\/www.kirche-langenfeld.de\/ev\/author\/ulrike-schoen\/\"}]}<\/script>\n<!-- \/ Yoast SEO plugin. -->","yoast_head_json":{"title":"R\u00fcckblick: Musik und Kulinarik am 6.3.2026 - Evangelische Kirchengemeinde Langenfeld","description":"Die Kirche wird zum Restaurant","robots":{"index":"index","follow":"follow","max-snippet":"max-snippet:-1","max-image-preview":"max-image-preview:large","max-video-preview":"max-video-preview:-1"},"canonical":"https:\/\/www.kirche-langenfeld.de\/ev\/rueckblick-musik-und-kulinarik-am-6-3-2026\/","og_locale":"de_DE","og_type":"article","og_title":"R\u00fcckblick: Musik und Kulinarik am 6.3.2026 - Evangelische Kirchengemeinde Langenfeld","og_description":"Die Kirche wird zum Restaurant","og_url":"https:\/\/www.kirche-langenfeld.de\/ev\/rueckblick-musik-und-kulinarik-am-6-3-2026\/","og_site_name":"Evangelische Kirchengemeinde Langenfeld","article_published_time":"2026-03-07T15:27:29+00:00","article_modified_time":"2026-03-23T11:30:17+00:00","og_image":[{"width":900,"height":1600,"url":"https:\/\/www.kirche-langenfeld.de\/ev\/wp-content\/uploads\/2026\/03\/Die-Kirche-wird-zum-Restaurant.jpg","type":"image\/jpeg"}],"author":"Ulrike Sch\u00f6n","twitter_card":"summary_large_image","twitter_misc":{"Verfasst von":"Ulrike Sch\u00f6n","Gesch\u00e4tzte Lesezeit":"5\u00a0Minuten"},"schema":{"@context":"https:\/\/schema.org","@graph":[{"@type":"Article","@id":"https:\/\/www.kirche-langenfeld.de\/ev\/rueckblick-musik-und-kulinarik-am-6-3-2026\/#article","isPartOf":{"@id":"https:\/\/www.kirche-langenfeld.de\/ev\/rueckblick-musik-und-kulinarik-am-6-3-2026\/"},"author":{"name":"Ulrike Sch\u00f6n","@id":"https:\/\/www.kirche-langenfeld.de\/ev\/#\/schema\/person\/47ee4a1cc08eed94e5e1ec70370dd65b"},"headline":"R\u00fcckblick: Musik und Kulinarik am 6.3.2026","datePublished":"2026-03-07T15:27:29+00:00","dateModified":"2026-03-23T11:30:17+00:00","mainEntityOfPage":{"@id":"https:\/\/www.kirche-langenfeld.de\/ev\/rueckblick-musik-und-kulinarik-am-6-3-2026\/"},"wordCount":456,"publisher":{"@id":"https:\/\/www.kirche-langenfeld.de\/ev\/#organization"},"image":{"@id":"https:\/\/www.kirche-langenfeld.de\/ev\/rueckblick-musik-und-kulinarik-am-6-3-2026\/#primaryimage"},"thumbnailUrl":"https:\/\/www.kirche-langenfeld.de\/ev\/wp-content\/uploads\/2026\/03\/Die-Kirche-wird-zum-Restaurant.jpg","articleSection":["R\u00fcckblick"],"inLanguage":"de"},{"@type":"WebPage","@id":"https:\/\/www.kirche-langenfeld.de\/ev\/rueckblick-musik-und-kulinarik-am-6-3-2026\/","url":"https:\/\/www.kirche-langenfeld.de\/ev\/rueckblick-musik-und-kulinarik-am-6-3-2026\/","name":"R\u00fcckblick: Musik und Kulinarik am 6.3.2026 - Evangelische Kirchengemeinde Langenfeld","isPartOf":{"@id":"https:\/\/www.kirche-langenfeld.de\/ev\/#website"},"primaryImageOfPage":{"@id":"https:\/\/www.kirche-langenfeld.de\/ev\/rueckblick-musik-und-kulinarik-am-6-3-2026\/#primaryimage"},"image":{"@id":"https:\/\/www.kirche-langenfeld.de\/ev\/rueckblick-musik-und-kulinarik-am-6-3-2026\/#primaryimage"},"thumbnailUrl":"https:\/\/www.kirche-langenfeld.de\/ev\/wp-content\/uploads\/2026\/03\/Die-Kirche-wird-zum-Restaurant.jpg","datePublished":"2026-03-07T15:27:29+00:00","dateModified":"2026-03-23T11:30:17+00:00","description":"Die Kirche wird zum Restaurant","breadcrumb":{"@id":"https:\/\/www.kirche-langenfeld.de\/ev\/rueckblick-musik-und-kulinarik-am-6-3-2026\/#breadcrumb"},"inLanguage":"de","potentialAction":[{"@type":"ReadAction","target":["https:\/\/www.kirche-langenfeld.de\/ev\/rueckblick-musik-und-kulinarik-am-6-3-2026\/"]}]},{"@type":"ImageObject","inLanguage":"de","@id":"https:\/\/www.kirche-langenfeld.de\/ev\/rueckblick-musik-und-kulinarik-am-6-3-2026\/#primaryimage","url":"https:\/\/www.kirche-langenfeld.de\/ev\/wp-content\/uploads\/2026\/03\/Die-Kirche-wird-zum-Restaurant.jpg","contentUrl":"https:\/\/www.kirche-langenfeld.de\/ev\/wp-content\/uploads\/2026\/03\/Die-Kirche-wird-zum-Restaurant.jpg","width":900,"height":1600,"caption":"Die Kirche wird zum Restaurant"},{"@type":"BreadcrumbList","@id":"https:\/\/www.kirche-langenfeld.de\/ev\/rueckblick-musik-und-kulinarik-am-6-3-2026\/#breadcrumb","itemListElement":[{"@type":"ListItem","position":1,"name":"Startseite","item":"https:\/\/www.kirche-langenfeld.de\/ev\/"},{"@type":"ListItem","position":2,"name":"R\u00fcckblick: Musik und Kulinarik am 6.3.2026"}]},{"@type":"WebSite","@id":"https:\/\/www.kirche-langenfeld.de\/ev\/#website","url":"https:\/\/www.kirche-langenfeld.de\/ev\/","name":"Evangelische Kirchengemeinde Langenfeld","description":"Informationen rund um unsere Gemeinde","publisher":{"@id":"https:\/\/www.kirche-langenfeld.de\/ev\/#organization"},"potentialAction":[{"@type":"SearchAction","target":{"@type":"EntryPoint","urlTemplate":"https:\/\/www.kirche-langenfeld.de\/ev\/?s={search_term_string}"},"query-input":{"@type":"PropertyValueSpecification","valueRequired":true,"valueName":"search_term_string"}}],"inLanguage":"de"},{"@type":"Organization","@id":"https:\/\/www.kirche-langenfeld.de\/ev\/#organization","name":"Evangelische Kirchengemeinde Langenfeld","url":"https:\/\/www.kirche-langenfeld.de\/ev\/","logo":{"@type":"ImageObject","inLanguage":"de","@id":"https:\/\/www.kirche-langenfeld.de\/ev\/#\/schema\/logo\/image\/","url":"https:\/\/www.kirche-langenfeld.de\/ev\/wp-content\/uploads\/2020\/09\/logo-ev-2020.png","contentUrl":"https:\/\/www.kirche-langenfeld.de\/ev\/wp-content\/uploads\/2020\/09\/logo-ev-2020.png","width":276,"height":200,"caption":"Evangelische Kirchengemeinde Langenfeld"},"image":{"@id":"https:\/\/www.kirche-langenfeld.de\/ev\/#\/schema\/logo\/image\/"}},{"@type":"Person","@id":"https:\/\/www.kirche-langenfeld.de\/ev\/#\/schema\/person\/47ee4a1cc08eed94e5e1ec70370dd65b","name":"Ulrike Sch\u00f6n","url":"https:\/\/www.kirche-langenfeld.de\/ev\/author\/ulrike-schoen\/"}]}},"uagb_featured_image_src":{"full":["https:\/\/www.kirche-langenfeld.de\/ev\/wp-content\/uploads\/2026\/03\/Die-Kirche-wird-zum-Restaurant.jpg",900,1600,false],"thumbnail":["https:\/\/www.kirche-langenfeld.de\/ev\/wp-content\/uploads\/2026\/03\/Die-Kirche-wird-zum-Restaurant-150x150.jpg",150,150,true],"medium":["https:\/\/www.kirche-langenfeld.de\/ev\/wp-content\/uploads\/2026\/03\/Die-Kirche-wird-zum-Restaurant-169x300.jpg",169,300,true],"medium_large":["https:\/\/www.kirche-langenfeld.de\/ev\/wp-content\/uploads\/2026\/03\/Die-Kirche-wird-zum-Restaurant-768x1365.jpg",768,1365,true],"large":["https:\/\/www.kirche-langenfeld.de\/ev\/wp-content\/uploads\/2026\/03\/Die-Kirche-wird-zum-Restaurant-576x1024.jpg",576,1024,true],"1536x1536":["https:\/\/www.kirche-langenfeld.de\/ev\/wp-content\/uploads\/2026\/03\/Die-Kirche-wird-zum-Restaurant-864x1536.jpg",864,1536,true],"2048x2048":["https:\/\/www.kirche-langenfeld.de\/ev\/wp-content\/uploads\/2026\/03\/Die-Kirche-wird-zum-Restaurant.jpg",900,1600,false],"ocean-thumb-m":["https:\/\/www.kirche-langenfeld.de\/ev\/wp-content\/uploads\/2026\/03\/Die-Kirche-wird-zum-Restaurant-600x600.jpg",600,600,true],"ocean-thumb-ml":["https:\/\/www.kirche-langenfeld.de\/ev\/wp-content\/uploads\/2026\/03\/Die-Kirche-wird-zum-Restaurant-800x450.jpg",800,450,true],"ocean-thumb-l":["https:\/\/www.kirche-langenfeld.de\/ev\/wp-content\/uploads\/2026\/03\/Die-Kirche-wird-zum-Restaurant-900x700.jpg",900,700,true]},"uagb_author_info":{"display_name":"Ulrike Sch\u00f6n","author_link":"https:\/\/www.kirche-langenfeld.de\/ev\/author\/ulrike-schoen\/"},"uagb_comment_info":0,"uagb_excerpt":"Ein Abend f\u00fcr alle Sinne in der Lukaskirche bei der Neuauflage von\u00a0\u201eMusik und Kulinarik\u201c\u00a0 \u2013 diesmal unter dem Motto\u00a0\u201eEine Reise durch die Zeit\u201c.","_links":{"self":[{"href":"https:\/\/www.kirche-langenfeld.de\/ev\/wp-json\/wp\/v2\/posts\/15930","targetHints":{"allow":["GET"]}}],"collection":[{"href":"https:\/\/www.kirche-langenfeld.de\/ev\/wp-json\/wp\/v2\/posts"}],"about":[{"href":"https:\/\/www.kirche-langenfeld.de\/ev\/wp-json\/wp\/v2\/types\/post"}],"author":[{"embeddable":true,"href":"https:\/\/www.kirche-langenfeld.de\/ev\/wp-json\/wp\/v2\/users\/9"}],"replies":[{"embeddable":true,"href":"https:\/\/www.kirche-langenfeld.de\/ev\/wp-json\/wp\/v2\/comments?post=15930"}],"version-history":[{"count":5,"href":"https:\/\/www.kirche-langenfeld.de\/ev\/wp-json\/wp\/v2\/posts\/15930\/revisions"}],"predecessor-version":[{"id":15949,"href":"https:\/\/www.kirche-langenfeld.de\/ev\/wp-json\/wp\/v2\/posts\/15930\/revisions\/15949"}],"wp:featuredmedia":[{"embeddable":true,"href":"https:\/\/www.kirche-langenfeld.de\/ev\/wp-json\/wp\/v2\/media\/15946"}],"wp:attachment":[{"href":"https:\/\/www.kirche-langenfeld.de\/ev\/wp-json\/wp\/v2\/media?parent=15930"}],"wp:term":[{"taxonomy":"category","embeddable":true,"href":"https:\/\/www.kirche-langenfeld.de\/ev\/wp-json\/wp\/v2\/categories?post=15930"},{"taxonomy":"post_tag","embeddable":true,"href":"https:\/\/www.kirche-langenfeld.de\/ev\/wp-json\/wp\/v2\/tags?post=15930"}],"curies":[{"name":"wp","href":"https:\/\/api.w.org\/{rel}","templated":true}]}}